{"id":1170,"date":"2005-09-12T12:48:28","date_gmt":"2005-09-12T10:48:28","guid":{"rendered":"http:\/\/www.muzeum.diecezja.org\/muzeum\/?p=1170"},"modified":"2022-02-14T10:28:51","modified_gmt":"2022-02-14T09:28:51","slug":"memlingowskie-inspiracje-w-tworczosci-malarskiej-wlodzimierza-szpingera-2005","status":"publish","type":"post","link":"http:\/\/www.muzeum.diecezja.org\/muzeum\/memlingowskie-inspiracje-w-tworczosci-malarskiej-wlodzimierza-szpingera-2005\/","title":{"rendered":"Memlingowskie inspiracje w tw\u00f3rczo\u015bci malarskiej W\u0142odzimierza Szpingera (2005)"},"content":{"rendered":"<p style=\"text-align: justify;\"><span style=\"color: #888888;\">Wystawa prezentuj\u0105ca obrazy gda\u0144skiego malarza W\u0142odzimierza Szpingera trwa\u0142a od 15 wrze\u015bnia do ko\u0144ca listopada 2005 r. W\u015br\u00f3d obraz\u00f3w jest adaptacja Memlingowskiego tryptyku &#8222;S\u0105d ostateczny&#8221;, kt\u00f3ry wyrasta z biblijnych wizji &#8222;s\u0105du&#8221;, a przedstawia nie tyle wstrz\u0105saj\u0105cy dramat ko\u0144ca \u015bwiata, co g\u0142\u0119boko teologiczn\u0105\u00a0opowie\u015b\u0107\u00a0o dniu \u00f3smym, a wi\u0119c czasie, w kt\u00f3rym zbiega si\u0119 pocz\u0105tek i koniec dziej\u00f3w zbawienia. Tryptyk Memlinga, jako \u015bredniowieczny traktat teologiczny, wyk\u0142ada najwa\u017cniejsze prawdy wiary g\u0142oszone przez Ko\u015bci\u00f3\u0142.<\/span><\/p>\n<p style=\"text-align: justify;\"><span style=\"color: #888888;\"> Autor prezentowanych na pelpli\u0144skiej wystawie obraz\u00f3w jest absolwentem Akademii Sztuk Pi\u0119knych w Gda\u0144sku. W swoim dorobku tw\u00f3rczym ma wiele r\u00f3\u017cnorodnych prac prezentowanych na wystawach indywidualnych i zbiorowych. Jego malarstwo jest znane na ca\u0142ym \u015bwiecie. Podczas rozlicznych podr\u00f3\u017cy po Europie Szpinger przeprowadza\u0142 studia nad malarstwem w\u0142oskim i niederlandzkim, a dawne techniki wykorzystywane przez starych mistrz\u00f3w stosuje w swojej tw\u00f3rczo\u015bci. Uprawia malarstwo sztalugowe, rysunek, grafik\u0119, akwarel\u0119.<\/span><br \/>\n<span style=\"color: #888888;\"> Dodatkowo w muzealnych gablotach wyeksponowane zosta\u0142y medale, kt\u00f3re ksi\u0105dz biskup Jan Bernard Szlaga przekaza\u0142 ze swoich prywatnych zbior\u00f3w do muzeum.<\/span><br \/>\n<span style=\"color: #888888;\"> Podczas otwarcia wystawy na pozytywie gra\u0142 Micha\u0142 Rakowski.<\/span><\/p>\n<p><a href=\"http:\/\/www.muzeum.diecezja.org\/muzeum\/wp-content\/uploads\/2013\/04\/0111.jpg\"><img decoding=\"async\" alt=\"01\" src=\"http:\/\/www.muzeum.diecezja.org\/muzeum\/wp-content\/uploads\/2013\/04\/0111-200x200.jpg\" width=\"200\" height=\"200\" \/><\/a> <a href=\"http:\/\/www.muzeum.diecezja.org\/muzeum\/wp-content\/uploads\/2013\/04\/0211.jpg\"><img decoding=\"async\" alt=\"02\" src=\"http:\/\/www.muzeum.diecezja.org\/muzeum\/wp-content\/uploads\/2013\/04\/0211-200x200.jpg\" width=\"200\" height=\"200\" \/><\/a> <a href=\"http:\/\/www.muzeum.diecezja.org\/muzeum\/wp-content\/uploads\/2013\/04\/0310.jpg\"><img decoding=\"async\" alt=\"03\" src=\"http:\/\/www.muzeum.diecezja.org\/muzeum\/wp-content\/uploads\/2013\/04\/0310-200x200.jpg\" width=\"200\" height=\"200\" \/><\/a> <a href=\"http:\/\/www.muzeum.diecezja.org\/muzeum\/wp-content\/uploads\/2013\/04\/0411.jpg\"><img loading=\"lazy\" decoding=\"async\" alt=\"04\" src=\"http:\/\/www.muzeum.diecezja.org\/muzeum\/wp-content\/uploads\/2013\/04\/0411-200x200.jpg\" width=\"200\" height=\"200\" \/><\/a> <a href=\"http:\/\/www.muzeum.diecezja.org\/muzeum\/wp-content\/uploads\/2013\/04\/0510.jpg\"><img loading=\"lazy\" decoding=\"async\" alt=\"05\" src=\"http:\/\/www.muzeum.diecezja.org\/muzeum\/wp-content\/uploads\/2013\/04\/0510-200x200.jpg\" width=\"200\" height=\"200\" \/><\/a> <a href=\"http:\/\/www.muzeum.diecezja.org\/muzeum\/wp-content\/uploads\/2013\/04\/0610.jpg\"><img loading=\"lazy\" decoding=\"async\" alt=\"06\" src=\"http:\/\/www.muzeum.diecezja.org\/muzeum\/wp-content\/uploads\/2013\/04\/0610-200x200.jpg\" width=\"200\" height=\"200\" \/><\/a> <a href=\"http:\/\/www.muzeum.diecezja.org\/muzeum\/wp-content\/uploads\/2013\/04\/079.jpg\"><img loading=\"lazy\" decoding=\"async\" alt=\"07\" src=\"http:\/\/www.muzeum.diecezja.org\/muzeum\/wp-content\/uploads\/2013\/04\/079-200x200.jpg\" width=\"200\" height=\"200\" \/><\/a> <a href=\"http:\/\/www.muzeum.diecezja.org\/muzeum\/wp-content\/uploads\/2013\/04\/088.jpg\"><img loading=\"lazy\" decoding=\"async\" alt=\"08\" src=\"http:\/\/www.muzeum.diecezja.org\/muzeum\/wp-content\/uploads\/2013\/04\/088-200x200.jpg\" width=\"200\" height=\"200\" \/><\/a> <a href=\"http:\/\/www.muzeum.diecezja.org\/muzeum\/wp-content\/uploads\/2013\/04\/097.jpg\"><img loading=\"lazy\" decoding=\"async\" alt=\"09\" src=\"http:\/\/www.muzeum.diecezja.org\/muzeum\/wp-content\/uploads\/2013\/04\/097-200x200.jpg\" width=\"200\" height=\"200\" \/><\/a> <a href=\"http:\/\/www.muzeum.diecezja.org\/muzeum\/wp-content\/uploads\/2013\/04\/105.jpg\"><img loading=\"lazy\" decoding=\"async\" alt=\"10\" src=\"http:\/\/www.muzeum.diecezja.org\/muzeum\/wp-content\/uploads\/2013\/04\/105-200x200.jpg\" width=\"200\" height=\"200\" \/><\/a> <a href=\"http:\/\/www.muzeum.diecezja.org\/muzeum\/wp-content\/uploads\/2013\/04\/116.jpg\"><img loading=\"lazy\" decoding=\"async\" alt=\"11\" src=\"http:\/\/www.muzeum.diecezja.org\/muzeum\/wp-content\/uploads\/2013\/04\/116-200x200.jpg\" width=\"200\" height=\"200\" \/><\/a> <a href=\"http:\/\/www.muzeum.diecezja.org\/muzeum\/wp-content\/uploads\/2013\/04\/126.jpg\"><img loading=\"lazy\" decoding=\"async\" alt=\"12\" src=\"http:\/\/www.muzeum.diecezja.org\/muzeum\/wp-content\/uploads\/2013\/04\/126-200x200.jpg\" width=\"200\" height=\"200\" \/><\/a> <a href=\"http:\/\/www.muzeum.diecezja.org\/muzeum\/wp-content\/uploads\/2013\/04\/136.jpg\"><img loading=\"lazy\" decoding=\"async\" alt=\"13\" src=\"http:\/\/www.muzeum.diecezja.org\/muzeum\/wp-content\/uploads\/2013\/04\/136-200x200.jpg\" width=\"200\" height=\"200\" \/><\/a> <a href=\"http:\/\/www.muzeum.diecezja.org\/muzeum\/wp-content\/uploads\/2013\/04\/143.jpg\"><img loading=\"lazy\" decoding=\"async\" alt=\"14\" src=\"http:\/\/www.muzeum.diecezja.org\/muzeum\/wp-content\/uploads\/2013\/04\/143-200x200.jpg\" width=\"200\" height=\"200\" \/><\/a> <a href=\"http:\/\/www.muzeum.diecezja.org\/muzeum\/wp-content\/uploads\/2013\/04\/154.jpg\"><img loading=\"lazy\" decoding=\"async\" alt=\"15\" src=\"http:\/\/www.muzeum.diecezja.org\/muzeum\/wp-content\/uploads\/2013\/04\/154-200x200.jpg\" width=\"200\" height=\"200\" \/><\/a> <a href=\"http:\/\/www.muzeum.diecezja.org\/muzeum\/wp-content\/uploads\/2013\/04\/163.jpg\"><img loading=\"lazy\" decoding=\"async\" alt=\"16\" src=\"http:\/\/www.muzeum.diecezja.org\/muzeum\/wp-content\/uploads\/2013\/04\/163-200x200.jpg\" width=\"200\" height=\"200\" \/><\/a> <a href=\"http:\/\/www.muzeum.diecezja.org\/muzeum\/wp-content\/uploads\/2013\/04\/172.jpg\"><img loading=\"lazy\" decoding=\"async\" alt=\"17\" src=\"http:\/\/www.muzeum.diecezja.org\/muzeum\/wp-content\/uploads\/2013\/04\/172-200x200.jpg\" width=\"200\" height=\"200\" \/><\/a> <a href=\"http:\/\/www.muzeum.diecezja.org\/muzeum\/wp-content\/uploads\/2013\/04\/182.jpg\"><img loading=\"lazy\" decoding=\"async\" alt=\"18\" src=\"http:\/\/www.muzeum.diecezja.org\/muzeum\/wp-content\/uploads\/2013\/04\/182-200x200.jpg\" width=\"200\" height=\"200\" \/><\/a> <a href=\"http:\/\/www.muzeum.diecezja.org\/muzeum\/wp-content\/uploads\/2013\/04\/191.jpg\"><img loading=\"lazy\" decoding=\"async\" alt=\"19\" src=\"http:\/\/www.muzeum.diecezja.org\/muzeum\/wp-content\/uploads\/2013\/04\/191-200x200.jpg\" width=\"200\" height=\"200\" \/><\/a> <a href=\"http:\/\/www.muzeum.diecezja.org\/muzeum\/wp-content\/uploads\/2013\/04\/201.jpg\"><img loading=\"lazy\" decoding=\"async\" alt=\"20\" src=\"http:\/\/www.muzeum.diecezja.org\/muzeum\/wp-content\/uploads\/2013\/04\/201-200x200.jpg\" width=\"200\" height=\"200\" \/><\/a> <a href=\"http:\/\/www.muzeum.diecezja.org\/muzeum\/wp-content\/uploads\/2013\/04\/212.jpg\"><img loading=\"lazy\" decoding=\"async\" alt=\"21\" src=\"http:\/\/www.muzeum.diecezja.org\/muzeum\/wp-content\/uploads\/2013\/04\/212-200x200.jpg\" width=\"200\" height=\"200\" \/><\/a> <a href=\"http:\/\/www.muzeum.diecezja.org\/muzeum\/wp-content\/uploads\/2013\/04\/222.jpg\"><img loading=\"lazy\" decoding=\"async\" alt=\"22\" src=\"http:\/\/www.muzeum.diecezja.org\/muzeum\/wp-content\/uploads\/2013\/04\/222-200x200.jpg\" width=\"200\" height=\"200\" \/><\/a> <a href=\"http:\/\/www.muzeum.diecezja.org\/muzeum\/wp-content\/uploads\/2013\/04\/231.jpg\"><img loading=\"lazy\" decoding=\"async\" alt=\"23\" src=\"http:\/\/www.muzeum.diecezja.org\/muzeum\/wp-content\/uploads\/2013\/04\/231-200x200.jpg\" width=\"200\" height=\"200\" \/><\/a> <a href=\"http:\/\/www.muzeum.diecezja.org\/muzeum\/wp-content\/uploads\/2013\/04\/241.jpg\"><img loading=\"lazy\" decoding=\"async\" alt=\"24\" src=\"http:\/\/www.muzeum.diecezja.org\/muzeum\/wp-content\/uploads\/2013\/04\/241-200x200.jpg\" width=\"200\" height=\"200\" \/><\/a><\/p>\n","protected":false},"excerpt":{"rendered":"<p>Wystawa prezentuj\u0105ca obrazy gda\u0144skiego malarza W\u0142odzimierza Szpingera trwa\u0142a od 15 wrze\u015bnia do ko\u0144ca listopada 2005 r. W\u015br\u00f3d obraz\u00f3w jest adaptacja Memlingowskiego tryptyku &#8222;S\u0105d ostateczny&#8221;, kt\u00f3ry wyrasta z biblijnych wizji &#8222;s\u0105du&#8221;, a przedstawia nie tyle wstrz\u0105saj\u0105cy dramat ko\u0144ca \u015bwiata, co g\u0142\u0119boko teologiczn\u0105\u00a0opowie\u015b\u0107\u00a0o dniu \u00f3smym, a wi\u0119c czasie, w kt\u00f3rym zbiega si\u0119 pocz\u0105tek i koniec dziej\u00f3w zbawienia. &hellip; <a href=\"http:\/\/www.muzeum.diecezja.org\/muzeum\/memlingowskie-inspiracje-w-tworczosci-malarskiej-wlodzimierza-szpingera-2005\/\" class=\"more-link\">Czytaj dalej <span class=\"screen-reader-text\">Memlingowskie inspiracje w tw\u00f3rczo\u015bci malarskiej W\u0142odzimierza Szpingera (2005)<\/span><\/a><\/p>\n","protected":false},"author":1,"featured_media":571,"comment_status":"closed","ping_status":"open","sticky":false,"template":"","format":"standard","meta":[],"categories":[11],"tags":[],"_links":{"self":[{"href":"http:\/\/www.muzeum.diecezja.org\/muzeum\/wp-json\/wp\/v2\/posts\/1170"}],"collection":[{"href":"http:\/\/www.muzeum.diecezja.org\/muzeum\/wp-json\/wp\/v2\/posts"}],"about":[{"href":"http:\/\/www.muzeum.diecezja.org\/muzeum\/wp-json\/wp\/v2\/types\/post"}],"author":[{"embeddable":true,"href":"http:\/\/www.muzeum.diecezja.org\/muzeum\/wp-json\/wp\/v2\/users\/1"}],"replies":[{"embeddable":true,"href":"http:\/\/www.muzeum.diecezja.org\/muzeum\/wp-json\/wp\/v2\/comments?post=1170"}],"version-history":[{"count":1,"href":"http:\/\/www.muzeum.diecezja.org\/muzeum\/wp-json\/wp\/v2\/posts\/1170\/revisions"}],"predecessor-version":[{"id":1172,"href":"http:\/\/www.muzeum.diecezja.org\/muzeum\/wp-json\/wp\/v2\/posts\/1170\/revisions\/1172"}],"wp:featuredmedia":[{"embeddable":true,"href":"http:\/\/www.muzeum.diecezja.org\/muzeum\/wp-json\/wp\/v2\/media\/571"}],"wp:attachment":[{"href":"http:\/\/www.muzeum.diecezja.org\/muzeum\/wp-json\/wp\/v2\/media?parent=1170"}],"wp:term":[{"taxonomy":"category","embeddable":true,"href":"http:\/\/www.muzeum.diecezja.org\/muzeum\/wp-json\/wp\/v2\/categories?post=1170"},{"taxonomy":"post_tag","embeddable":true,"href":"http:\/\/www.muzeum.diecezja.org\/muzeum\/wp-json\/wp\/v2\/tags?post=1170"}],"curies":[{"name":"wp","href":"https:\/\/api.w.org\/{rel}","templated":true}]}}