{"id":1178,"date":"2003-04-04T12:54:24","date_gmt":"2003-04-04T10:54:24","guid":{"rendered":"http:\/\/www.muzeum.diecezja.org\/muzeum\/?p=1178"},"modified":"2022-02-14T10:28:51","modified_gmt":"2022-02-14T09:28:51","slug":"ksiadz-bernard-sychta-kaplan-etnograf-artysta-2003","status":"publish","type":"post","link":"http:\/\/www.muzeum.diecezja.org\/muzeum\/ksiadz-bernard-sychta-kaplan-etnograf-artysta-2003\/","title":{"rendered":"Ksi\u0105dz Bernard Sychta, kap\u0142an, etnograf, artysta! (2003)"},"content":{"rendered":"<p align=\"left\"><span style=\"color: #888888;\">Wystaw\u0119 otwarto 20 listopada 2002 roku i trwa\u0142a do ko\u0144ca grudnia.<\/span><\/p>\n<p align=\"left\"><span style=\"color: #888888;\">Ks. Bernard Sychta &#8211; wybitny autor poka\u017anego dorobku scenicznego, spo\u015br\u00f3d kt\u00f3rego nie mo\u017cna pomin\u0105\u0107 takich utwor\u00f3w jak: &#8222;Hanka si\u0119 \u017ceni&#8221;, &#8222;Ostatnia gwi\u00f3zdka&#8221;, &#8222;Mestwina&#8221; czy &#8222;Wesele kociewskie&#8221;. By\u0142 r\u00f3wnie\u017c etnografem, malarzem &#8211; tw\u00f3rc\u0105 ponad 100 obraz\u00f3w r\u00f3\u017cnej wielko\u015bci.\u00a0<\/span><span style=\"color: #888888;\">Na wystawie wyeksponowano wybran\u0105 malarsk\u0105 spu\u015bcizn\u0119 ks. Sychty &#8211; kilkana\u015bcie pasteli, kilka grafik, akwarel.\u00a0 Zgromadzono te\u017c ksi\u0105\u017cki autora, zachowana dyplomy uznania za tw\u00f3rczo\u015b\u0107.\u00a0<\/span><span style=\"color: #888888;\">Wernisa\u017c u\u015bwietni\u0142 swym wyst\u0119pem dzieci\u0119cy zesp\u00f3\u0142 kociewski &#8222;Modraki&#8221;.<\/span><\/p>\n<dl>\n<dt><\/dt>\n<dt><\/dt>\n<dt><\/dt>\n<dt><a href=\"http:\/\/www.muzeum.diecezja.org\/muzeum\/wp-content\/uploads\/2013\/04\/tyt.jpg\"><br \/>\n<\/a> <a href=\"http:\/\/www.muzeum.diecezja.org\/muzeum\/wp-content\/uploads\/2013\/04\/132.jpg\"><img decoding=\"async\" alt=\"13\" src=\"http:\/\/www.muzeum.diecezja.org\/muzeum\/wp-content\/uploads\/2013\/04\/132-200x200.jpg\" width=\"200\" height=\"200\" \/><\/a> <a href=\"http:\/\/www.muzeum.diecezja.org\/muzeum\/wp-content\/uploads\/2013\/04\/122.jpg\"><img decoding=\"async\" alt=\"12\" src=\"http:\/\/www.muzeum.diecezja.org\/muzeum\/wp-content\/uploads\/2013\/04\/122-200x200.jpg\" width=\"200\" height=\"200\" \/><\/a> <a href=\"http:\/\/www.muzeum.diecezja.org\/muzeum\/wp-content\/uploads\/2013\/04\/112.jpg\"><img decoding=\"async\" alt=\"11\" src=\"http:\/\/www.muzeum.diecezja.org\/muzeum\/wp-content\/uploads\/2013\/04\/112-200x200.jpg\" width=\"200\" height=\"200\" \/><\/a> <a href=\"http:\/\/www.muzeum.diecezja.org\/muzeum\/wp-content\/uploads\/2013\/04\/102.jpg\"><img loading=\"lazy\" decoding=\"async\" alt=\"10\" src=\"http:\/\/www.muzeum.diecezja.org\/muzeum\/wp-content\/uploads\/2013\/04\/102-200x200.jpg\" width=\"200\" height=\"200\" \/><\/a> <a href=\"http:\/\/www.muzeum.diecezja.org\/muzeum\/wp-content\/uploads\/2013\/04\/092.jpg\"><img loading=\"lazy\" decoding=\"async\" alt=\"09\" src=\"http:\/\/www.muzeum.diecezja.org\/muzeum\/wp-content\/uploads\/2013\/04\/092-200x200.jpg\" width=\"200\" height=\"200\" \/><\/a> <a href=\"http:\/\/www.muzeum.diecezja.org\/muzeum\/wp-content\/uploads\/2013\/04\/083.jpg\"><img loading=\"lazy\" decoding=\"async\" alt=\"08\" src=\"http:\/\/www.muzeum.diecezja.org\/muzeum\/wp-content\/uploads\/2013\/04\/083-200x200.jpg\" width=\"200\" height=\"200\" \/><\/a> <a href=\"http:\/\/www.muzeum.diecezja.org\/muzeum\/wp-content\/uploads\/2013\/04\/073.jpg\"><img loading=\"lazy\" decoding=\"async\" alt=\"07\" src=\"http:\/\/www.muzeum.diecezja.org\/muzeum\/wp-content\/uploads\/2013\/04\/073-200x200.jpg\" width=\"200\" height=\"200\" \/><\/a> <a href=\"http:\/\/www.muzeum.diecezja.org\/muzeum\/wp-content\/uploads\/2013\/04\/064.jpg\"><img loading=\"lazy\" decoding=\"async\" alt=\"06\" src=\"http:\/\/www.muzeum.diecezja.org\/muzeum\/wp-content\/uploads\/2013\/04\/064-200x200.jpg\" width=\"200\" height=\"200\" \/><\/a> <a href=\"http:\/\/www.muzeum.diecezja.org\/muzeum\/wp-content\/uploads\/2013\/04\/054.jpg\"><img loading=\"lazy\" decoding=\"async\" alt=\"05\" src=\"http:\/\/www.muzeum.diecezja.org\/muzeum\/wp-content\/uploads\/2013\/04\/054-200x200.jpg\" width=\"200\" height=\"200\" \/><\/a> <a href=\"http:\/\/www.muzeum.diecezja.org\/muzeum\/wp-content\/uploads\/2013\/04\/045.jpg\"><img loading=\"lazy\" decoding=\"async\" alt=\"04\" src=\"http:\/\/www.muzeum.diecezja.org\/muzeum\/wp-content\/uploads\/2013\/04\/045-200x200.jpg\" width=\"200\" height=\"200\" \/><\/a> <a href=\"http:\/\/www.muzeum.diecezja.org\/muzeum\/wp-content\/uploads\/2013\/04\/035.jpg\"><img loading=\"lazy\" decoding=\"async\" alt=\"03\" src=\"http:\/\/www.muzeum.diecezja.org\/muzeum\/wp-content\/uploads\/2013\/04\/035-200x200.jpg\" width=\"200\" height=\"200\" \/><\/a> <a href=\"http:\/\/www.muzeum.diecezja.org\/muzeum\/wp-content\/uploads\/2013\/04\/025.jpg\"><img loading=\"lazy\" decoding=\"async\" alt=\"02\" src=\"http:\/\/www.muzeum.diecezja.org\/muzeum\/wp-content\/uploads\/2013\/04\/025-200x200.jpg\" width=\"200\" height=\"200\" \/><\/a><\/dt>\n<\/dl>\n","protected":false},"excerpt":{"rendered":"<p>Wystaw\u0119 otwarto 20 listopada 2002 roku i trwa\u0142a do ko\u0144ca grudnia. Ks. Bernard Sychta &#8211; wybitny autor poka\u017anego dorobku scenicznego, spo\u015br\u00f3d kt\u00f3rego nie mo\u017cna pomin\u0105\u0107 takich utwor\u00f3w jak: &#8222;Hanka si\u0119 \u017ceni&#8221;, &#8222;Ostatnia gwi\u00f3zdka&#8221;, &#8222;Mestwina&#8221; czy &#8222;Wesele kociewskie&#8221;. By\u0142 r\u00f3wnie\u017c etnografem, malarzem &#8211; tw\u00f3rc\u0105 ponad 100 obraz\u00f3w r\u00f3\u017cnej wielko\u015bci.\u00a0Na wystawie wyeksponowano wybran\u0105 malarsk\u0105 spu\u015bcizn\u0119 ks. Sychty &hellip; <a href=\"http:\/\/www.muzeum.diecezja.org\/muzeum\/ksiadz-bernard-sychta-kaplan-etnograf-artysta-2003\/\" class=\"more-link\">Czytaj dalej <span class=\"screen-reader-text\">Ksi\u0105dz Bernard Sychta, kap\u0142an, etnograf, artysta! (2003)<\/span><\/a><\/p>\n","protected":false},"author":1,"featured_media":411,"comment_status":"closed","ping_status":"open","sticky":false,"template":"","format":"standard","meta":[],"categories":[11],"tags":[],"_links":{"self":[{"href":"http:\/\/www.muzeum.diecezja.org\/muzeum\/wp-json\/wp\/v2\/posts\/1178"}],"collection":[{"href":"http:\/\/www.muzeum.diecezja.org\/muzeum\/wp-json\/wp\/v2\/posts"}],"about":[{"href":"http:\/\/www.muzeum.diecezja.org\/muzeum\/wp-json\/wp\/v2\/types\/post"}],"author":[{"embeddable":true,"href":"http:\/\/www.muzeum.diecezja.org\/muzeum\/wp-json\/wp\/v2\/users\/1"}],"replies":[{"embeddable":true,"href":"http:\/\/www.muzeum.diecezja.org\/muzeum\/wp-json\/wp\/v2\/comments?post=1178"}],"version-history":[{"count":1,"href":"http:\/\/www.muzeum.diecezja.org\/muzeum\/wp-json\/wp\/v2\/posts\/1178\/revisions"}],"predecessor-version":[{"id":1179,"href":"http:\/\/www.muzeum.diecezja.org\/muzeum\/wp-json\/wp\/v2\/posts\/1178\/revisions\/1179"}],"wp:featuredmedia":[{"embeddable":true,"href":"http:\/\/www.muzeum.diecezja.org\/muzeum\/wp-json\/wp\/v2\/media\/411"}],"wp:attachment":[{"href":"http:\/\/www.muzeum.diecezja.org\/muzeum\/wp-json\/wp\/v2\/media?parent=1178"}],"wp:term":[{"taxonomy":"category","embeddable":true,"href":"http:\/\/www.muzeum.diecezja.org\/muzeum\/wp-json\/wp\/v2\/categories?post=1178"},{"taxonomy":"post_tag","embeddable":true,"href":"http:\/\/www.muzeum.diecezja.org\/muzeum\/wp-json\/wp\/v2\/tags?post=1178"}],"curies":[{"name":"wp","href":"https:\/\/api.w.org\/{rel}","templated":true}]}}