{"id":122,"date":"2013-04-11T18:21:16","date_gmt":"2013-04-11T16:21:16","guid":{"rendered":"http:\/\/www.muzeum.diecezja.org\/muzeum\/?p=122"},"modified":"2022-02-14T10:28:50","modified_gmt":"2022-02-14T09:28:50","slug":"tytul-aktualnosci-nr1","status":"publish","type":"post","link":"http:\/\/www.muzeum.diecezja.org\/muzeum\/tytul-aktualnosci-nr1\/","title":{"rendered":"Na tropie wojennych los\u00f3w Biblii Gutenberga \u2013 stacja: Biblioteka Polska w Pary\u017cu"},"content":{"rendered":"<p style=\"text-align: justify;\"><span style=\"color: #888888;\"><a href=\"http:\/\/www.muzeum.diecezja.org\/muzeum\/wp-content\/uploads\/2013\/04\/1.jpg\"><img decoding=\"async\" class=\"alignleft size-thumbnail wp-image-359\" alt=\"1\" src=\"http:\/\/www.muzeum.diecezja.org\/muzeum\/wp-content\/uploads\/2013\/04\/1-200x200.jpg\" width=\"200\" height=\"200\" \/><\/a>W siedzibie najstarszej polskiej instytucji kulturalnej na obczy\u017anie, jak\u0105 jest za\u0142o\u017cona w 1838 r. <strong>Biblioteka Polska w Pary\u017cu<\/strong>, 27 listopada b.r. mia\u0142a uroczysto\u015b\u0107 odbioru fotokopii odszukanych w archiwum Biblioteki Polskiej dokument\u00f3w z lat 1939-1940. Dokumenty sygnowane m.in. podpisami \u00f3wczesnego prezesa Banku Gospodarstwa Krajowego gen. dr. Romana G\u00f3reckiego oraz wiceprezesa Wies\u0142awa Domaniewskiego, Ambasadora RP w Pary\u017cu Tadeusza Wierusza Kowalskiego, dyrektora Biblioteki Polskiej w Pary\u017cu Franciszka Pu\u0142askiego, Ministra Skarbu w emigracyjnym rz\u0105dzie RP Henryka Strasburgera oraz prof. Karola Estreichera, dotycz\u0105 wojennych los\u00f3w skarb\u00f3w polskiego i \u015bwiatowego dziedzictwa kulturowego, z\u0142o\u017conych przed wybuchem II wojny \u015bwiatowej w skarbcu BGK. Odszukane dokumenty maj\u0105 form\u0119 protoko\u0142\u00f3w przekazywania tych skarb\u00f3w przez Bank Gospodarstwa Krajowego zaanga\u017cowanym w ich ratowanie instytucjom.<a href=\"http:\/\/www.muzeum.diecezja.org\/muzeum\/wp-content\/uploads\/2013\/04\/2.jpg\"><br \/>\n<\/a><\/span><\/p>\n<p style=\"text-align: center;\"><a href=\"http:\/\/www.muzeum.diecezja.org\/muzeum\/wp-content\/uploads\/2013\/04\/2.jpg\"><img decoding=\"async\" alt=\"2\" src=\"http:\/\/www.muzeum.diecezja.org\/muzeum\/wp-content\/uploads\/2013\/04\/2-200x200.jpg\" width=\"200\" height=\"200\" \/><\/a> <a href=\"http:\/\/www.muzeum.diecezja.org\/muzeum\/wp-content\/uploads\/2013\/04\/3.jpg\"><img decoding=\"async\" alt=\"3\" src=\"http:\/\/www.muzeum.diecezja.org\/muzeum\/wp-content\/uploads\/2013\/04\/3-200x200.jpg\" width=\"200\" height=\"200\" \/><\/a><\/p>\n<p style=\"text-align: justify;\"><span style=\"color: #888888;\">Uroczysto\u015b\u0107 rozpocz\u0119\u0142y kolejno wyst\u0105pienia prof. C. Pierre Zaleskiego, prezesa BGK Dariusza Daniluka, Ambasadora RP w Pary\u017cu Tomasza Or\u0142owskiego, kieruj\u0105cej Dzia\u0142em Archiwalnym THL dr Ewy Rutkowskiej oraz dyrektora Muzeum Diecezjalnego w Pelplinie ksi\u0119dza Wincentego Pytlika.<\/span><\/p>\n<p style=\"text-align: center;\"><a href=\"http:\/\/www.muzeum.diecezja.org\/muzeum\/wp-content\/uploads\/2013\/04\/4.jpg\"><img loading=\"lazy\" decoding=\"async\" alt=\"4\" src=\"http:\/\/www.muzeum.diecezja.org\/muzeum\/wp-content\/uploads\/2013\/04\/4-200x200.jpg\" width=\"200\" height=\"200\" \/><\/a> <a href=\"http:\/\/www.muzeum.diecezja.org\/muzeum\/wp-content\/uploads\/2013\/04\/5.jpg\"><img loading=\"lazy\" decoding=\"async\" alt=\"5\" src=\"http:\/\/www.muzeum.diecezja.org\/muzeum\/wp-content\/uploads\/2013\/04\/5-200x200.jpg\" width=\"200\" height=\"200\" \/><\/a><\/p>\n<p style=\"text-align: justify;\"><span style=\"color: #888888;\">W paryskiej uroczysto\u015bci, udzia\u0142 wzi\u0119li r\u00f3wnie\u017c przedstawiciele pozosta\u0142ych instytucji, uczestnicz\u0105cych 73 lata temu ratowania skarb\u00f3w: zast\u0119pca dyrektora Biblioteki Narodowej Katarzyna \u015alaska oraz dyrektor Biblioteki Pelpli\u0144skiej ksi\u0105dz Krzysztof Koch.<\/span><\/p>\n<p style=\"text-align: center;\"><a href=\"http:\/\/www.muzeum.diecezja.org\/muzeum\/wp-content\/uploads\/2013\/04\/6.jpg\"><img loading=\"lazy\" decoding=\"async\" alt=\"6\" src=\"http:\/\/www.muzeum.diecezja.org\/muzeum\/wp-content\/uploads\/2013\/04\/6-200x200.jpg\" width=\"200\" height=\"200\" \/><\/a> <a href=\"http:\/\/www.muzeum.diecezja.org\/muzeum\/wp-content\/uploads\/2013\/04\/7.jpg\"><img loading=\"lazy\" decoding=\"async\" alt=\"7\" src=\"http:\/\/www.muzeum.diecezja.org\/muzeum\/wp-content\/uploads\/2013\/04\/7-200x200.jpg\" width=\"200\" height=\"200\" \/><\/a><\/p>\n<p style=\"text-align: justify;\"><span style=\"color: #888888;\">Pod koniec lipca i na pocz\u0105tku sierpnia 1939 r. w skarbcu Banku Gospodarstwa Krajowego w Warszawie dyrektorzy Biblioteki Seminarium Duchownego w Pelplinie i Biblioteki Narodowej z\u0142o\u017cyli jako depozyty najcenniejsze zbiory, znajduj\u0105ce si\u0119 w tych instytucjach. W przypadku Biblioteki Pelpli\u0144skiej by\u0142 to wraz z bogato iluminowanym \u015bredniowiecznym psa\u0142terzem jeden z kilkudziesi\u0119ciu zachowanych egzemplarzy pierwszej na \u015bwiecie drukowanej technik\u0105 ruchomej czcionki ksi\u0105\u017cki.\u00a0By\u0142a ni\u0105 Biblia, wydrukowana w nak\u0142adzie nieprzekraczaj\u0105cym 200 egzemplarzy w latach 1452-1455 w mogunckiej pracowni Johanna Gutenberga. Do 1939 roku na \u015bwiecie zachowa\u0142o si\u0119 48 egzemplarzy, w tym tylko 20 kompletnych. Pomimo tego, \u017ce pelpli\u0144ski egzemplarz nie by\u0142 kompletny, jego warto\u015b\u0107 szacowano na 1 mln 800 tys. \u00f3wczesnych z\u0142otych. Na depozyt warszawskiej Biblioteki Narodowej sk\u0142ada\u0142y si\u0119 dwie skrzynie, w kt\u00f3rych znalaz\u0142 si\u0119 m.in. \u201ePsa\u0142terz Floria\u0144ski\u201d, \u201eKazania \u015awi\u0119tokrzyskie\u201d, pierwsze \u0142aci\u0144skie wydanie \u201eKroniki Polskiej\u201d Wincentego Kad\u0142ubka oraz zbi\u00f3r r\u0119kopis\u00f3w partytur Fryderyka Chopina. Poni\u017cej: Biblia Gutenberga, Psa\u0142terz Floria\u0144ski i fragment partytury Chopina. Pod opiek\u0105 dr Karola Estreichera wraz z wawelskimi arrasami i regaliami kr\u00f3l\u00f3w polskich depozyty BGK zosta\u0142y 18 czerwca 1940 r. na pok\u0142adzie statku \u201eChorz\u00f3w\u201d przewiezione do Anglii, sk\u0105d w lipcu 1940 r. na pok\u0142adzie \u201eBatorego\u201d pop\u0142yn\u0119\u0142y do Kanady, gdzie przez poselstwo polskie zosta\u0142y zdeponowane w Banku of Montreal. Z\u0142o\u017cone w skarbcu BGK przed wybuchem wojny depozyty Biblioteki Narodowej i Pelpli\u0144skiej na pocz\u0105tku 1959 i 1960r. powr\u00f3ci\u0142y do Polski, do swoich macierzystych instytucji.<\/span><\/p>\n<p style=\"text-align: right;\"><span style=\"color: #888888;\"><i>\u0179r\u00f3d\u0142o: Mateusz Wierzbicki, Bank Gospodarstwa Krajowego w Pary\u017cu, red. Karol Szarma\u0144ski<\/i><\/span><\/p>\n","protected":false},"excerpt":{"rendered":"<p>W siedzibie najstarszej polskiej instytucji kulturalnej na obczy\u017anie, jak\u0105 jest za\u0142o\u017cona w 1838 r. Biblioteka Polska w Pary\u017cu, 27 listopada b.r. mia\u0142a uroczysto\u015b\u0107 odbioru fotokopii odszukanych w archiwum Biblioteki Polskiej dokument\u00f3w z lat 1939-1940. Dokumenty sygnowane m.in. podpisami \u00f3wczesnego prezesa Banku Gospodarstwa Krajowego gen. dr. Romana G\u00f3reckiego oraz wiceprezesa Wies\u0142awa Domaniewskiego, Ambasadora RP w Pary\u017cu &hellip; <a href=\"http:\/\/www.muzeum.diecezja.org\/muzeum\/tytul-aktualnosci-nr1\/\" class=\"more-link\">Czytaj dalej <span class=\"screen-reader-text\">Na tropie wojennych los\u00f3w Biblii Gutenberga \u2013 stacja: Biblioteka Polska w Pary\u017cu<\/span><\/a><\/p>\n","protected":false},"author":1,"featured_media":365,"comment_status":"closed","ping_status":"open","sticky":false,"template":"","format":"standard","meta":[],"categories":[6],"tags":[],"_links":{"self":[{"href":"http:\/\/www.muzeum.diecezja.org\/muzeum\/wp-json\/wp\/v2\/posts\/122"}],"collection":[{"href":"http:\/\/www.muzeum.diecezja.org\/muzeum\/wp-json\/wp\/v2\/posts"}],"about":[{"href":"http:\/\/www.muzeum.diecezja.org\/muzeum\/wp-json\/wp\/v2\/types\/post"}],"author":[{"embeddable":true,"href":"http:\/\/www.muzeum.diecezja.org\/muzeum\/wp-json\/wp\/v2\/users\/1"}],"replies":[{"embeddable":true,"href":"http:\/\/www.muzeum.diecezja.org\/muzeum\/wp-json\/wp\/v2\/comments?post=122"}],"version-history":[{"count":15,"href":"http:\/\/www.muzeum.diecezja.org\/muzeum\/wp-json\/wp\/v2\/posts\/122\/revisions"}],"predecessor-version":[{"id":1790,"href":"http:\/\/www.muzeum.diecezja.org\/muzeum\/wp-json\/wp\/v2\/posts\/122\/revisions\/1790"}],"wp:featuredmedia":[{"embeddable":true,"href":"http:\/\/www.muzeum.diecezja.org\/muzeum\/wp-json\/wp\/v2\/media\/365"}],"wp:attachment":[{"href":"http:\/\/www.muzeum.diecezja.org\/muzeum\/wp-json\/wp\/v2\/media?parent=122"}],"wp:term":[{"taxonomy":"category","embeddable":true,"href":"http:\/\/www.muzeum.diecezja.org\/muzeum\/wp-json\/wp\/v2\/categories?post=122"},{"taxonomy":"post_tag","embeddable":true,"href":"http:\/\/www.muzeum.diecezja.org\/muzeum\/wp-json\/wp\/v2\/tags?post=122"}],"curies":[{"name":"wp","href":"https:\/\/api.w.org\/{rel}","templated":true}]}}