{"id":1356,"date":"2014-12-20T11:47:56","date_gmt":"2014-12-20T10:47:56","guid":{"rendered":"http:\/\/www.muzeum.diecezja.org\/muzeum\/?p=1356"},"modified":"2022-02-14T10:28:49","modified_gmt":"2022-02-14T09:28:49","slug":"zakonczyla-sie-konsrewacja-renesansowych-obrazow","status":"publish","type":"post","link":"http:\/\/www.muzeum.diecezja.org\/muzeum\/zakonczyla-sie-konsrewacja-renesansowych-obrazow\/","title":{"rendered":"Zako\u0144czy\u0142a si\u0119 konsrewacja renesansowych obraz\u00f3w"},"content":{"rendered":"<p><span style=\"color: #000000;\"><span style=\"font-family: 'Times New Roman', serif;\"><span style=\"font-size: medium;\"><img decoding=\"async\" class=\"alignleft size-thumbnail wp-image-1357\" alt=\"mkidn_01_cmyk\" src=\"http:\/\/www.muzeum.diecezja.org\/muzeum\/wp-content\/uploads\/2014\/12\/mkidn_01_cmyk-200x200.jpg\" width=\"200\" height=\"200\" srcset=\"http:\/\/www.muzeum.diecezja.org\/muzeum\/wp-content\/uploads\/2014\/12\/mkidn_01_cmyk-200x200.jpg 200w, http:\/\/www.muzeum.diecezja.org\/muzeum\/wp-content\/uploads\/2014\/12\/mkidn_01_cmyk-300x300.jpg 300w, http:\/\/www.muzeum.diecezja.org\/muzeum\/wp-content\/uploads\/2014\/12\/mkidn_01_cmyk-180x180.jpg 180w, http:\/\/www.muzeum.diecezja.org\/muzeum\/wp-content\/uploads\/2014\/12\/mkidn_01_cmyk.jpg 1323w\" sizes=\"(max-width: 200px) 100vw, 200px\" \/><\/span><\/span><\/span><\/p>\n<p>Zako\u0144czy\u0142a si\u0119 konserwacja\u00a0 niezwykle cennych obraz\u00f3w wraz z oryginalnymi ramami z epoki, ze zbior\u00f3w pelpli\u0144skich. S\u0105 to unikatowe dzie\u0142a polskiego renesansu, przedstawiaj\u0105ce Biskup\u00f3w Che\u0142mi\u0144skich. Trzy obrazy poddane zosta\u0142y pe\u0142nej konserwacji: portret Biskupa Piotra Kostki 1593 r., Biskupa Hieronima Rozdra\u017cewskiego 1579 r. oraz Biskupa Jana Kuczborskiego z 1615 r., a dwa\u00a0 obrazy: portret Biskupa Piotra II Tylickiego z 1597 r., Biskupa Wawrzy\u0144ca Gembickiego z 1600 r. oczyszczono z zabrudze\u0144\u00a0powierzchniowych, skonsolidowano i zabezpieczono przed dalszym zniszczeniem.<\/p>\n<p><span style=\"color: #000000;\"><span style=\"font-family: 'Times New Roman', serif;\"><span style=\"font-size: medium;\">\u00a0<\/span><\/span><\/span><\/p>\n<p align=\"JUSTIFY\"><span style=\"color: #000000;\"><span style=\"font-family: 'Times New Roman', serif;\"><span style=\"font-size: medium;\">Prace konserwatorskie prowadzono dzi\u0119ki dotacji z Ministerstwa Kultury i Dziedzictwa Narodowego, Kurii Diecezjalnej Pelpli\u0144skej oraz Muzeum Diecezjalnego. Ministerstwo Kultury przyzna\u0142o \u015brodki w ramach programu <\/span><\/span><\/span><span style=\"color: #000000;\"><span style=\"font-family: 'Times New Roman', serif;\"><span style=\"font-size: medium;\"><i>Dziedzictwo kulturowe<\/i><\/span><\/span><\/span><span style=\"color: #000000;\"><span style=\"font-family: 'Times New Roman', serif;\"><span style=\"font-size: medium;\">, priorytetu <\/span><\/span><\/span><span style=\"color: #000000;\"><span style=\"font-family: 'Times New Roman', serif;\"><span style=\"font-size: medium;\"><i>Wspieranie Dzia\u0142a\u0144 Muzealnych<\/i><\/span><\/span><\/span><span style=\"color: #000000;\"><span style=\"font-family: 'Times New Roman', serif;\"><span style=\"font-size: medium;\">.<\/span><\/span><\/span><\/p>\n<p><span style=\"color: #000000;\"><span style=\"font-family: 'Times New Roman', serif;\"><span style=\"font-size: medium;\">Obrazy wymaga\u0142y natychmiastowej interwencji ze wzgl\u0119du na sw\u00f3j z\u0142y stan zachowania \u2013 liczne ubytki, przemalowania, osypuj\u0105c\u0105 si\u0119 warstw\u0119 malarsk\u0105 wraz z zapraw\u0105, os\u0142abione p\u0142\u00f3tno, rozpadaj\u0105ce si\u0119 ramy. W ramach zadania wykonana zosta\u0142a kompleksowa pe\u0142na konserwacja, badania budowy technicznej, analizy mikrochemiczne pigment\u00f3w i spoiw, badania spektograficzne.<\/span><\/span><\/span><\/p>\n<div id='gallery-1' class='gallery galleryid-1356 gallery-columns-3 gallery-size-thumbnail'><figure class='gallery-item'>\n\t\t\t<div class='gallery-icon portrait'>\n\t\t\t\t<a href='http:\/\/www.muzeum.diecezja.org\/muzeum\/wp-content\/uploads\/2014\/12\/DSC00736.jpg'><img width=\"200\" height=\"200\" src=\"http:\/\/www.muzeum.diecezja.org\/muzeum\/wp-content\/uploads\/2014\/12\/DSC00736-200x200.jpg\" class=\"attachment-thumbnail size-thumbnail\" alt=\"\" decoding=\"async\" \/><\/a>\n\t\t\t<\/div><\/figure><figure class='gallery-item'>\n\t\t\t<div class='gallery-icon portrait'>\n\t\t\t\t<a href='http:\/\/www.muzeum.diecezja.org\/muzeum\/wp-content\/uploads\/2014\/12\/DSC00773.jpg'><img width=\"200\" height=\"200\" src=\"http:\/\/www.muzeum.diecezja.org\/muzeum\/wp-content\/uploads\/2014\/12\/DSC00773-200x200.jpg\" class=\"attachment-thumbnail size-thumbnail\" alt=\"\" decoding=\"async\" \/><\/a>\n\t\t\t<\/div><\/figure><figure class='gallery-item'>\n\t\t\t<div class='gallery-icon portrait'>\n\t\t\t\t<a href='http:\/\/www.muzeum.diecezja.org\/muzeum\/wp-content\/uploads\/2014\/12\/DSC02385.jpg'><img width=\"200\" height=\"200\" src=\"http:\/\/www.muzeum.diecezja.org\/muzeum\/wp-content\/uploads\/2014\/12\/DSC02385-200x200.jpg\" class=\"attachment-thumbnail size-thumbnail\" alt=\"\" decoding=\"async\" \/><\/a>\n\t\t\t<\/div><\/figure><figure class='gallery-item'>\n\t\t\t<div class='gallery-icon portrait'>\n\t\t\t\t<a href='http:\/\/www.muzeum.diecezja.org\/muzeum\/wp-content\/uploads\/2014\/12\/DSC02452.jpg'><img width=\"200\" height=\"200\" src=\"http:\/\/www.muzeum.diecezja.org\/muzeum\/wp-content\/uploads\/2014\/12\/DSC02452-200x200.jpg\" class=\"attachment-thumbnail size-thumbnail\" alt=\"\" decoding=\"async\" \/><\/a>\n\t\t\t<\/div><\/figure><figure class='gallery-item'>\n\t\t\t<div class='gallery-icon portrait'>\n\t\t\t\t<a href='http:\/\/www.muzeum.diecezja.org\/muzeum\/wp-content\/uploads\/2014\/12\/IMG_2922.jpg'><img width=\"200\" height=\"200\" src=\"http:\/\/www.muzeum.diecezja.org\/muzeum\/wp-content\/uploads\/2014\/12\/IMG_2922-200x200.jpg\" class=\"attachment-thumbnail size-thumbnail\" alt=\"\" decoding=\"async\" \/><\/a>\n\t\t\t<\/div><\/figure><figure class='gallery-item'>\n\t\t\t<div class='gallery-icon portrait'>\n\t\t\t\t<a href='http:\/\/www.muzeum.diecezja.org\/muzeum\/wp-content\/uploads\/2014\/12\/IMG_2926.jpg'><img width=\"200\" height=\"200\" src=\"http:\/\/www.muzeum.diecezja.org\/muzeum\/wp-content\/uploads\/2014\/12\/IMG_2926-200x200.jpg\" class=\"attachment-thumbnail size-thumbnail\" alt=\"\" decoding=\"async\" \/><\/a>\n\t\t\t<\/div><\/figure>\n\t\t<\/div>\n\n<p>&nbsp;<\/p>\n","protected":false},"excerpt":{"rendered":"<p>Zako\u0144czy\u0142a si\u0119 konserwacja\u00a0 niezwykle cennych obraz\u00f3w wraz z oryginalnymi ramami z epoki, ze zbior\u00f3w pelpli\u0144skich. S\u0105 to unikatowe dzie\u0142a polskiego renesansu, przedstawiaj\u0105ce Biskup\u00f3w Che\u0142mi\u0144skich. Trzy obrazy poddane zosta\u0142y pe\u0142nej konserwacji: portret Biskupa Piotra Kostki 1593 r., Biskupa Hieronima Rozdra\u017cewskiego 1579 r. oraz Biskupa Jana Kuczborskiego z 1615 r., a dwa\u00a0 obrazy: portret Biskupa Piotra II &hellip; <a href=\"http:\/\/www.muzeum.diecezja.org\/muzeum\/zakonczyla-sie-konsrewacja-renesansowych-obrazow\/\" class=\"more-link\">Czytaj dalej <span class=\"screen-reader-text\">Zako\u0144czy\u0142a si\u0119 konsrewacja renesansowych obraz\u00f3w<\/span><\/a><\/p>\n","protected":false},"author":1,"featured_media":0,"comment_status":"closed","ping_status":"open","sticky":false,"template":"","format":"standard","meta":[],"categories":[6],"tags":[],"_links":{"self":[{"href":"http:\/\/www.muzeum.diecezja.org\/muzeum\/wp-json\/wp\/v2\/posts\/1356"}],"collection":[{"href":"http:\/\/www.muzeum.diecezja.org\/muzeum\/wp-json\/wp\/v2\/posts"}],"about":[{"href":"http:\/\/www.muzeum.diecezja.org\/muzeum\/wp-json\/wp\/v2\/types\/post"}],"author":[{"embeddable":true,"href":"http:\/\/www.muzeum.diecezja.org\/muzeum\/wp-json\/wp\/v2\/users\/1"}],"replies":[{"embeddable":true,"href":"http:\/\/www.muzeum.diecezja.org\/muzeum\/wp-json\/wp\/v2\/comments?post=1356"}],"version-history":[{"count":3,"href":"http:\/\/www.muzeum.diecezja.org\/muzeum\/wp-json\/wp\/v2\/posts\/1356\/revisions"}],"predecessor-version":[{"id":1385,"href":"http:\/\/www.muzeum.diecezja.org\/muzeum\/wp-json\/wp\/v2\/posts\/1356\/revisions\/1385"}],"wp:attachment":[{"href":"http:\/\/www.muzeum.diecezja.org\/muzeum\/wp-json\/wp\/v2\/media?parent=1356"}],"wp:term":[{"taxonomy":"category","embeddable":true,"href":"http:\/\/www.muzeum.diecezja.org\/muzeum\/wp-json\/wp\/v2\/categories?post=1356"},{"taxonomy":"post_tag","embeddable":true,"href":"http:\/\/www.muzeum.diecezja.org\/muzeum\/wp-json\/wp\/v2\/tags?post=1356"}],"curies":[{"name":"wp","href":"https:\/\/api.w.org\/{rel}","templated":true}]}}