{"id":1368,"date":"2015-01-17T14:49:50","date_gmt":"2015-01-17T13:49:50","guid":{"rendered":"http:\/\/www.muzeum.diecezja.org\/muzeum\/?p=1368"},"modified":"2022-02-14T10:28:49","modified_gmt":"2022-02-14T09:28:49","slug":"wspolne-koledowanie-w-bibliotece-diecezjalnej","status":"publish","type":"post","link":"http:\/\/www.muzeum.diecezja.org\/muzeum\/wspolne-koledowanie-w-bibliotece-diecezjalnej\/","title":{"rendered":"Wsp\u00f3lne kol\u0119dowanie w Bibliotece Diecezjalnej"},"content":{"rendered":"<p>Zapraszamy na wsp\u00f3lne kol\u0119dowanie w Bibliotece Diecezjalnej w Pelplinie.<\/p>\n<p><a title=\"Biblioteka Diecezjalna\" href=\"http:\/\/www.biblioteka.diecezja-pelplin.pl\/aktuslnoci\">Informacje na stronie WWW Biblioteki<\/a><br \/>\n<img fetchpriority=\"high\" decoding=\"async\" class=\"alignleft size-full wp-image-1369\" alt=\"bleee\" src=\"http:\/\/www.muzeum.diecezja.org\/muzeum\/wp-content\/uploads\/2015\/01\/bleee.png\" width=\"880\" height=\"559\" srcset=\"http:\/\/www.muzeum.diecezja.org\/muzeum\/wp-content\/uploads\/2015\/01\/bleee.png 880w, http:\/\/www.muzeum.diecezja.org\/muzeum\/wp-content\/uploads\/2015\/01\/bleee-300x190.png 300w, http:\/\/www.muzeum.diecezja.org\/muzeum\/wp-content\/uploads\/2015\/01\/bleee-283x180.png 283w\" sizes=\"(max-width: 880px) 100vw, 880px\" \/><\/p>\n","protected":false},"excerpt":{"rendered":"<p>Zapraszamy na wsp\u00f3lne kol\u0119dowanie w Bibliotece Diecezjalnej w Pelplinie. Informacje na stronie WWW Biblioteki<\/p>\n","protected":false},"author":1,"featured_media":1369,"comment_status":"closed","ping_status":"open","sticky":false,"template":"","format":"standard","meta":[],"categories":[6],"tags":[],"_links":{"self":[{"href":"http:\/\/www.muzeum.diecezja.org\/muzeum\/wp-json\/wp\/v2\/posts\/1368"}],"collection":[{"href":"http:\/\/www.muzeum.diecezja.org\/muzeum\/wp-json\/wp\/v2\/posts"}],"about":[{"href":"http:\/\/www.muzeum.diecezja.org\/muzeum\/wp-json\/wp\/v2\/types\/post"}],"author":[{"embeddable":true,"href":"http:\/\/www.muzeum.diecezja.org\/muzeum\/wp-json\/wp\/v2\/users\/1"}],"replies":[{"embeddable":true,"href":"http:\/\/www.muzeum.diecezja.org\/muzeum\/wp-json\/wp\/v2\/comments?post=1368"}],"version-history":[{"count":2,"href":"http:\/\/www.muzeum.diecezja.org\/muzeum\/wp-json\/wp\/v2\/posts\/1368\/revisions"}],"predecessor-version":[{"id":1371,"href":"http:\/\/www.muzeum.diecezja.org\/muzeum\/wp-json\/wp\/v2\/posts\/1368\/revisions\/1371"}],"wp:featuredmedia":[{"embeddable":true,"href":"http:\/\/www.muzeum.diecezja.org\/muzeum\/wp-json\/wp\/v2\/media\/1369"}],"wp:attachment":[{"href":"http:\/\/www.muzeum.diecezja.org\/muzeum\/wp-json\/wp\/v2\/media?parent=1368"}],"wp:term":[{"taxonomy":"category","embeddable":true,"href":"http:\/\/www.muzeum.diecezja.org\/muzeum\/wp-json\/wp\/v2\/categories?post=1368"},{"taxonomy":"post_tag","embeddable":true,"href":"http:\/\/www.muzeum.diecezja.org\/muzeum\/wp-json\/wp\/v2\/tags?post=1368"}],"curies":[{"name":"wp","href":"https:\/\/api.w.org\/{rel}","templated":true}]}}