{"id":1387,"date":"2015-03-02T20:18:21","date_gmt":"2015-03-02T19:18:21","guid":{"rendered":"http:\/\/www.muzeum.diecezja.org\/muzeum\/?p=1387"},"modified":"2022-02-14T10:28:49","modified_gmt":"2022-02-14T09:28:49","slug":"ocalone-przez-bgk","status":"publish","type":"post","link":"http:\/\/www.muzeum.diecezja.org\/muzeum\/ocalone-przez-bgk\/","title":{"rendered":"Ocalone przez BGK"},"content":{"rendered":"<p>Muzeum Diecezjalne im. Bpa Stanis\u0142awa Wojciecha Okoniewskiego we wsp\u00f3\u0142pracy z Bibliotek\u0105 Narodow\u0105 oraz Bankiem Gospodarstwa Krajowego serdecznie zapraszaj\u0105 do obejrzenia wystawy \u201eOcalone przez BGK\u201d .<\/p>\n<p>Wystawa opowiada o wydarzeniach zwi\u0105zanych z uratowaniem zbioru zabytk\u00f3w polskiego i \u015bwiatowego dziedzictwa kulturowego, z\u0142o\u017conych przed wybuchem II wojny \u015bwiatowej w skarbcu BGK przez Bibliotek\u0119 Narodow\u0105 oraz Bibliotek\u0119 Seminarium Duchownego w Pelplinie. Obie te instytucje w obliczu zagro\u017cenia wojennego przekaza\u0142y BGK na przechowanie bezcenne eksponaty ze swoich zbior\u00f3w.<\/p>\n<div id='gallery-1' class='gallery galleryid-1387 gallery-columns-2 gallery-size-thumbnail'><figure class='gallery-item'>\n\t\t\t<div class='gallery-icon landscape'>\n\t\t\t\t<a href='http:\/\/www.muzeum.diecezja.org\/muzeum\/wp-content\/uploads\/2015\/03\/1ed.jpg'><img width=\"200\" height=\"200\" src=\"http:\/\/www.muzeum.diecezja.org\/muzeum\/wp-content\/uploads\/2015\/03\/1ed-200x200.jpg\" class=\"attachment-thumbnail size-thumbnail\" alt=\"\" decoding=\"async\" \/><\/a>\n\t\t\t<\/div><\/figure><figure class='gallery-item'>\n\t\t\t<div class='gallery-icon landscape'>\n\t\t\t\t<a href='http:\/\/www.muzeum.diecezja.org\/muzeum\/wp-content\/uploads\/2015\/03\/2ed.jpg'><img width=\"200\" height=\"200\" src=\"http:\/\/www.muzeum.diecezja.org\/muzeum\/wp-content\/uploads\/2015\/03\/2ed-200x200.jpg\" class=\"attachment-thumbnail size-thumbnail\" alt=\"\" decoding=\"async\" \/><\/a>\n\t\t\t<\/div><\/figure><figure class='gallery-item'>\n\t\t\t<div class='gallery-icon landscape'>\n\t\t\t\t<a href='http:\/\/www.muzeum.diecezja.org\/muzeum\/wp-content\/uploads\/2015\/03\/3ed.jpg'><img width=\"200\" height=\"200\" src=\"http:\/\/www.muzeum.diecezja.org\/muzeum\/wp-content\/uploads\/2015\/03\/3ed-200x200.jpg\" class=\"attachment-thumbnail size-thumbnail\" alt=\"\" decoding=\"async\" \/><\/a>\n\t\t\t<\/div><\/figure><figure class='gallery-item'>\n\t\t\t<div class='gallery-icon portrait'>\n\t\t\t\t<a href='http:\/\/www.muzeum.diecezja.org\/muzeum\/wp-content\/uploads\/2015\/03\/4ed.jpg'><img width=\"200\" height=\"200\" src=\"http:\/\/www.muzeum.diecezja.org\/muzeum\/wp-content\/uploads\/2015\/03\/4ed-200x200.jpg\" class=\"attachment-thumbnail size-thumbnail\" alt=\"\" decoding=\"async\" \/><\/a>\n\t\t\t<\/div><\/figure>\n\t\t<\/div>\n\n<p>Po wybuchu II wojny \u015bwiatowej, kiedy warszawska centrala Banku Gospodarstwa Krajowego ewakuowa\u0142a si\u0119 w kierunku wschodniej granicy II RP, szczeg\u00f3ln\u0105 piecz\u0105 otoczono depozyty obydwu instytucji. Znajdowa\u0142y si\u0119 w\u015br\u00f3d nich bezcenne cymelia: egzemplarz Biblii wydrukowanej w XV wieku przez Johanna Gutenberga, Kazania \u015awi\u0119tokrzyskie, Psa\u0142terz Floria\u0144ski a tak\u017ce autografy muzyczne Fryderyka Chopina.<\/p>\n<p>Maj\u0105 Pa\u0144stwo mo\u017cliwo\u015b\u0107 zapoznania si\u0119 z histori\u0105 wojennej odysei skarb\u00f3w kultury, spo\u015br\u00f3d kt\u00f3rych na wystawie prezentowana jest zaledwie ich cz\u0119\u015b\u0107 w formie konserwatorskich reprint\u00f3w i makiet.<\/p>\n<p>W Muzeum Diecezjalnym wystaw\u0119 b\u0119dzie mo\u017cna ogl\u0105da\u0107 od 12 lutego do 30 lipca br.<\/p>\n<p>Dodatkowe informacje mo\u017cna znale\u017a\u0107 na stronach internetowych: Biblioteki Narodowej: <a href=\"http:\/\/www.bn.org.pl\/\">www.bn.org.pl<\/a> oraz Banku Gospodarstwa Krajowego: <a href=\"http:\/\/www.bgk.com.pl\">www.bgk.com.pl<\/a><\/p>\n","protected":false},"excerpt":{"rendered":"<p>Muzeum Diecezjalne im. Bpa Stanis\u0142awa Wojciecha Okoniewskiego we wsp\u00f3\u0142pracy z Bibliotek\u0105 Narodow\u0105 oraz Bankiem Gospodarstwa Krajowego serdecznie zapraszaj\u0105 do obejrzenia wystawy \u201eOcalone przez BGK\u201d . Wystawa opowiada o wydarzeniach zwi\u0105zanych z uratowaniem zbioru zabytk\u00f3w polskiego i \u015bwiatowego dziedzictwa kulturowego, z\u0142o\u017conych przed wybuchem II wojny \u015bwiatowej w skarbcu BGK przez Bibliotek\u0119 Narodow\u0105 oraz Bibliotek\u0119 Seminarium Duchownego &hellip; <a href=\"http:\/\/www.muzeum.diecezja.org\/muzeum\/ocalone-przez-bgk\/\" class=\"more-link\">Czytaj dalej <span class=\"screen-reader-text\">Ocalone przez BGK<\/span><\/a><\/p>\n","protected":false},"author":1,"featured_media":1391,"comment_status":"closed","ping_status":"open","sticky":false,"template":"","format":"standard","meta":[],"categories":[6,8],"tags":[],"_links":{"self":[{"href":"http:\/\/www.muzeum.diecezja.org\/muzeum\/wp-json\/wp\/v2\/posts\/1387"}],"collection":[{"href":"http:\/\/www.muzeum.diecezja.org\/muzeum\/wp-json\/wp\/v2\/posts"}],"about":[{"href":"http:\/\/www.muzeum.diecezja.org\/muzeum\/wp-json\/wp\/v2\/types\/post"}],"author":[{"embeddable":true,"href":"http:\/\/www.muzeum.diecezja.org\/muzeum\/wp-json\/wp\/v2\/users\/1"}],"replies":[{"embeddable":true,"href":"http:\/\/www.muzeum.diecezja.org\/muzeum\/wp-json\/wp\/v2\/comments?post=1387"}],"version-history":[{"count":5,"href":"http:\/\/www.muzeum.diecezja.org\/muzeum\/wp-json\/wp\/v2\/posts\/1387\/revisions"}],"predecessor-version":[{"id":1396,"href":"http:\/\/www.muzeum.diecezja.org\/muzeum\/wp-json\/wp\/v2\/posts\/1387\/revisions\/1396"}],"wp:featuredmedia":[{"embeddable":true,"href":"http:\/\/www.muzeum.diecezja.org\/muzeum\/wp-json\/wp\/v2\/media\/1391"}],"wp:attachment":[{"href":"http:\/\/www.muzeum.diecezja.org\/muzeum\/wp-json\/wp\/v2\/media?parent=1387"}],"wp:term":[{"taxonomy":"category","embeddable":true,"href":"http:\/\/www.muzeum.diecezja.org\/muzeum\/wp-json\/wp\/v2\/categories?post=1387"},{"taxonomy":"post_tag","embeddable":true,"href":"http:\/\/www.muzeum.diecezja.org\/muzeum\/wp-json\/wp\/v2\/tags?post=1387"}],"curies":[{"name":"wp","href":"https:\/\/api.w.org\/{rel}","templated":true}]}}