{"id":1460,"date":"2016-02-02T23:03:04","date_gmt":"2016-02-02T22:03:04","guid":{"rendered":"http:\/\/www.muzeum.diecezja.org\/muzeum\/?p=1460"},"modified":"2022-02-14T10:28:49","modified_gmt":"2022-02-14T09:28:49","slug":"biskup-leski","status":"publish","type":"post","link":"http:\/\/www.muzeum.diecezja.org\/muzeum\/biskup-leski\/","title":{"rendered":"Biskup Leski"},"content":{"rendered":"<blockquote><p><a href=\"http:\/\/www.muzeum.diecezja.org\/muzeum\/wp-content\/uploads\/2016\/02\/Biskup-Leski-1.jpg\"><img decoding=\"async\" class=\"alignleft wp-image-1462 size-large\" src=\"http:\/\/www.muzeum.diecezja.org\/muzeum\/wp-content\/uploads\/2016\/02\/Biskup-Leski-1-131x180.jpg\" alt=\"Biskup-Leski\" width=\"131\" height=\"180\" srcset=\"http:\/\/www.muzeum.diecezja.org\/muzeum\/wp-content\/uploads\/2016\/02\/Biskup-Leski-1-131x180.jpg 131w, http:\/\/www.muzeum.diecezja.org\/muzeum\/wp-content\/uploads\/2016\/02\/Biskup-Leski-1-219x300.jpg 219w, http:\/\/www.muzeum.diecezja.org\/muzeum\/wp-content\/uploads\/2016\/02\/Biskup-Leski-1.jpg 584w\" sizes=\"(max-width: 131px) 100vw, 131px\" \/><\/a>Wojciech Stanis\u0142aw Leski, herbu Go\u0144czy (ur. w maju 1702, zm. 19 listopada 1758) \u2013 opat pelpli\u0144ski, biskup che\u0142mi\u0144ski.<\/p>\n<p>Syn Jana Antoniego Leskiego (zm. 24 grudnia 1736), \u0142awnika ziemskiego che\u0142mi\u0144skiego i Joanny z Trzci\u0144skich. Urodzony w rodzinnym Kl\u0119czkowie k. Che\u0142mna przed 8 maja 1702 (data chrztu).<\/p>\n<p>W 1723 wst\u0105pi\u0142 do klasztoru cysters\u00f3w w Pelplinie, 27 marca 1727 przyj\u0105\u0142 \u015bwiecenia kap\u0142a\u0144skie, a nast\u0119pnie zosta\u0142 mianowany prokuratorem klasztoru. Funkcja ta polega\u0142a na reprezentowaniu opactwa w sprawach prawnych. By\u0142 tak\u017ce sekretarzem biskupa che\u0142mi\u0144skiego Tomasza Franciszka Czapskiego. Od 1733 przeor w Pelplinie, od 9 lutego 1734 opat cysters\u00f3w w W\u0105chocku. 9 listopada 1736 zosta\u0142 jednog\u0142o\u015bnie wybrany na opata pelpli\u0144skiego. Jako opat zas\u0142u\u017cy\u0142 si\u0119 mecenatem artystycznym wobec ko\u015bcio\u0142a pelpli\u0144skiego.<\/p>\n<p>W 1738 delegat polskiej prowincji cysters\u00f3w na kapitu\u0142\u0119 generaln\u0105 w C\u00eeteaux, podczas kt\u00f3rej pe\u0142ni\u0142 funkcj\u0119 jednego z definitor\u00f3w. W 1739 przebywa\u0142 w Rzymie, gdzie studiowa\u0142 prawo kanoniczne. Od 1741 generalny komisarz polskiej i litewskiej prowincji cysters\u00f3w. Na 4 maja 1744 zwo\u0142a\u0142 kilkudniow\u0105 kapitu\u0142\u0119 prowincjonaln\u0105 cysters\u00f3w do W\u0105growca, na kt\u00f3rej uchwali\u0142 nowe statuty dla polskiej prowincji cysters\u00f3w. Zosta\u0142y one zatwierdzone 24 maja 1744 w C\u00eeteaux przez opata generalnego, a nast\u0119pnie w 1745 wydane drukiem.<\/p>\n<p>Niew\u0105tpliwie swoim bliskim zwi\u0105zkom z Andrzejem Stanis\u0142awem Za\u0142uskim zawdzi\u0119cza\u0142 Leski swe wyniesienie na biskupstwo che\u0142mi\u0144skie po przej\u015bciu Za\u0142uskiego na diecezj\u0119 krakowsk\u0105. 7 pa\u017adziernika 1746 uzyska\u0142 nominacj\u0119 Augusta III, kapitu\u0142a che\u0142mi\u0144skiej 12 listopada 1747 dokona\u0142a formalnego wyboru Leskiego na ordynariusza, a 10 kwietnia 1747 r. uzyska\u0142 prowizj\u0119 papiesk\u0105, 7 pa\u017adziernika 1747 w Elbl\u0105gu przyj\u0105\u0142 sakr\u0119 biskupi\u0105 z r\u0105k biskupa warmi\u0144skiego Adama Stanis\u0142awa Grabowskiego, a 8 czerwca 1748 odby\u0142 uroczysty ingres do katedry w Che\u0142m\u017cy.<\/p>\n<p>Jako biskup che\u0142mi\u0144ski wykaza\u0142 si\u0119 znaczn\u0105 aktywno\u015bci\u0105 w swojej pos\u0142udze w diecezji, wydawa\u0142 listy pasterskie do duchowie\u0144stwa i wiernych diecezji, przeprowadzi\u0142 wizytacj\u0119, oraz wys\u0142a\u0142 relacj\u0119 o stanie diecezji do Rzymu, uporz\u0105dkowa\u0142 tak\u017ce sprawy materialne biskupstwa. Rozwija\u0142 tak\u017ce r\u00f3\u017cne formy pobo\u017cno\u015bci: 4 czerwca 1752 koronowa\u0142 figur\u0119 Matki Bo\u017cej \u0141\u0105kowskiej w \u0141\u0105kach Bratia\u0144skich ko\u0142o Nowego Miasta, a 2 lipca 1754 obraz Matki Bo\u017cej Bolesnej w Che\u0142mnie. Podj\u0105\u0142 te\u017c pr\u00f3b\u0119 o\u017cywienia czci b\u0142. Jana \u0141obdowczyka oraz wprowadzi\u0142 do diecezji kult b\u0142. J\u00f3zefa z Kupertynu. Przyczyni\u0142 si\u0119 do fundacji 3 nowych klasztor\u00f3w w diecezji: kapucyn\u00f3w w Rywa\u0142dzie oraz franciszkan\u00f3w w Grudzi\u0105dzu i Brodnicy. Od 1752 zdecydowanie, ale bezskutecznie, sprzeciwia\u0142 si\u0119 budowie nowego zboru ewangelickiego w Toruniu, co doprowadzi\u0142o do zatarg\u00f3w z tym miastem. Wybudowa\u0142 barokowy ko\u015bci\u00f3\u0142 w biskupim Starogrodzie, a tak\u017ce odnowi\u0142 kilka innych wiejskich ko\u015bcio\u0142\u00f3w na terenie biskupstwa.<\/p>\n<p>\u017bywo interesowa\u0142 si\u0119 Leski \u017cyciem umys\u0142owym swojej epoki. Nale\u017ca\u0142 do grona sta\u0142ych korespondent\u00f3w braci Za\u0142uskich i tworzonej przez nich biblioteki.<\/p>\n<p>Leski jako senator Rzeczypospolitej uczestniczy\u0142 do\u015b\u0107 aktywnie, w \u00f3wczesnej polityce, opowiadaj\u0105c si\u0119 po stronie dworu i Familii Czartoryskich. Zaanga\u017cowa\u0142 si\u0119 w przygotowywanie sejmik\u00f3w pruskich przed sejmem 1748, na kt\u00f3rym wypowiedzia\u0142 si\u0119 za zwi\u0119kszeniem liczby wojska, reformami monetarnymi oraz usprawnieniem s\u0105downictwa.<\/p>\n<p>Podczas sejmu z 1752 odbywanego w Grodnie Leski da\u0142 si\u0119 pozna\u0107 jako zwolennik przeprowadzenia reform ustroju pa\u0144stwa. Proponowa\u0142 przeprowadzenie zmian w funkcjonowaniu sejm\u00f3w; doradza\u0142 otwarcie mennic, ponownie wypowiedzia\u0142 si\u0119 za wyp\u0142acaniem s\u0119dziom pensji, rekomendowa\u0142 kr\u00f3lowi i sejmowi potrzeb\u0119 opieki nad miastami, zwraca\u0142 uwag\u0119 na konieczno\u015b\u0107 wi\u0119kszej troski o Prusy Kr\u00f3lewskie, niedwuznacznie wskazuj\u0105c, \u017ce mog\u0105 one zosta\u0107 utracone na rzecz innego w\u0142adcy. By\u0142 tak\u017ce prezydentem trybuna\u0142u skarbowego w Radomiu na kadencj\u0119 1753\/1754.<\/p>\n<p>August III (a \u015bci\u015blej ministrowie Henryk Br\u00fchl i Jerzy Mniszech) doceni\u0142 aktywno\u015b\u0107 biskupa che\u0142mi\u0144skiego i jego prodworsk\u0105 postaw\u0119. 3 sierpnia 1758 Leski otrzyma\u0142 Order Or\u0142a Bia\u0142ego.<\/p>\n<p>Zmar\u0142 19 listopada 1758 w Toruniu, pogrzebany w katedrze w Che\u0142m\u017cy.<\/p><\/blockquote>\n","protected":false},"excerpt":{"rendered":"<p>Wojciech Stanis\u0142aw Leski, herbu Go\u0144czy (ur. w maju 1702, zm. 19 listopada 1758) \u2013 opat pelpli\u0144ski, biskup che\u0142mi\u0144ski. Syn Jana Antoniego Leskiego (zm. 24 grudnia 1736), \u0142awnika ziemskiego che\u0142mi\u0144skiego i Joanny z Trzci\u0144skich. Urodzony w rodzinnym Kl\u0119czkowie k. Che\u0142mna przed 8 maja 1702 (data chrztu). W 1723 wst\u0105pi\u0142 do klasztoru cysters\u00f3w w Pelplinie, 27 marca &hellip; <a href=\"http:\/\/www.muzeum.diecezja.org\/muzeum\/biskup-leski\/\" class=\"more-link\">Czytaj dalej <span class=\"screen-reader-text\">Biskup Leski<\/span><\/a><\/p>\n","protected":false},"author":1,"featured_media":1461,"comment_status":"closed","ping_status":"open","sticky":false,"template":"","format":"standard","meta":[],"categories":[6,15],"tags":[],"_links":{"self":[{"href":"http:\/\/www.muzeum.diecezja.org\/muzeum\/wp-json\/wp\/v2\/posts\/1460"}],"collection":[{"href":"http:\/\/www.muzeum.diecezja.org\/muzeum\/wp-json\/wp\/v2\/posts"}],"about":[{"href":"http:\/\/www.muzeum.diecezja.org\/muzeum\/wp-json\/wp\/v2\/types\/post"}],"author":[{"embeddable":true,"href":"http:\/\/www.muzeum.diecezja.org\/muzeum\/wp-json\/wp\/v2\/users\/1"}],"replies":[{"embeddable":true,"href":"http:\/\/www.muzeum.diecezja.org\/muzeum\/wp-json\/wp\/v2\/comments?post=1460"}],"version-history":[{"count":1,"href":"http:\/\/www.muzeum.diecezja.org\/muzeum\/wp-json\/wp\/v2\/posts\/1460\/revisions"}],"predecessor-version":[{"id":1463,"href":"http:\/\/www.muzeum.diecezja.org\/muzeum\/wp-json\/wp\/v2\/posts\/1460\/revisions\/1463"}],"wp:featuredmedia":[{"embeddable":true,"href":"http:\/\/www.muzeum.diecezja.org\/muzeum\/wp-json\/wp\/v2\/media\/1461"}],"wp:attachment":[{"href":"http:\/\/www.muzeum.diecezja.org\/muzeum\/wp-json\/wp\/v2\/media?parent=1460"}],"wp:term":[{"taxonomy":"category","embeddable":true,"href":"http:\/\/www.muzeum.diecezja.org\/muzeum\/wp-json\/wp\/v2\/categories?post=1460"},{"taxonomy":"post_tag","embeddable":true,"href":"http:\/\/www.muzeum.diecezja.org\/muzeum\/wp-json\/wp\/v2\/tags?post=1460"}],"curies":[{"name":"wp","href":"https:\/\/api.w.org\/{rel}","templated":true}]}}