{"id":1494,"date":"2016-07-05T20:26:23","date_gmt":"2016-07-05T18:26:23","guid":{"rendered":"http:\/\/www.muzeum.diecezja.org\/muzeum\/?p=1494"},"modified":"2022-02-14T10:28:49","modified_gmt":"2022-02-14T09:28:49","slug":"konserwacja-kilkunastu-unikatowych-obrazow-z-lat-1420-1695-oraz-ich-digitalizacja","status":"publish","type":"post","link":"http:\/\/www.muzeum.diecezja.org\/muzeum\/konserwacja-kilkunastu-unikatowych-obrazow-z-lat-1420-1695-oraz-ich-digitalizacja\/","title":{"rendered":"Konserwacja kilkunastu unikatowych obraz\u00f3w z lat 1420-1695 oraz ich digitalizacja"},"content":{"rendered":"<p><img decoding=\"async\" class=\"alignleft wp-image-1357 size-large\" src=\"http:\/\/www.muzeum.diecezja.org\/muzeum\/wp-content\/uploads\/2014\/12\/mkidn_01_cmyk-180x180.jpg\" alt=\"mkidn_01_cmyk\" width=\"180\" height=\"180\" srcset=\"http:\/\/www.muzeum.diecezja.org\/muzeum\/wp-content\/uploads\/2014\/12\/mkidn_01_cmyk-180x180.jpg 180w, http:\/\/www.muzeum.diecezja.org\/muzeum\/wp-content\/uploads\/2014\/12\/mkidn_01_cmyk-200x200.jpg 200w, http:\/\/www.muzeum.diecezja.org\/muzeum\/wp-content\/uploads\/2014\/12\/mkidn_01_cmyk-300x300.jpg 300w, http:\/\/www.muzeum.diecezja.org\/muzeum\/wp-content\/uploads\/2014\/12\/mkidn_01_cmyk.jpg 1323w\" sizes=\"(max-width: 180px) 100vw, 180px\" \/>Muzeum Diecezjalne w Pelplinie na podstawie decyzji Ministra Kultury i Dziedzictwa Narodowego, uzyska\u0142o dotacj\u0119 w ramach programu Dziedzictwo kulturowe &#8211; priorytetu; Wspieranie Dzia\u0142a\u0144 Muzealnych na zadanie: Konserwacja kilkunastu unikatowych obraz\u00f3w z lat 1420-1695 oraz ich digitalizacja.<\/p>\n<p>Prace konserwatorskie dotyczy\u0107 b\u0119d\u0105 osiemnastu niezwykle cennych obraz\u00f3w z kolekcji Muzeum. Zabytki wytypowane zosta\u0142ty do konserwacji ze wzgl\u0119du na sw\u00f3j z\u0142y stan zachowania, w wi\u0119kszo\u015bci przypadk\u00f3w jest to konserwacja ratunkowa. Obiekty s\u0105 silnie zdegradowane, zdeformowane, osypuj\u0105ce si\u0119, zabrudzone, z licznymi ubytkami, na ramach, na niekt\u00f3rych widoczne s\u0105 \u015blady \u017cerowania owad\u00f3w. Poprzez digitalizacj\u0119 zbioru, dodatkowym rezultatem realizacji zadania b\u0119dzie upublicznienie w wersji cyfrowejprzyk\u0142ad\u00f3w malarstwa gotyku, renesansu, manieryzmu i baroku.<\/p>\n","protected":false},"excerpt":{"rendered":"<p>Muzeum Diecezjalne w Pelplinie na podstawie decyzji Ministra Kultury i Dziedzictwa Narodowego, uzyska\u0142o dotacj\u0119 w ramach programu Dziedzictwo kulturowe &#8211; priorytetu; Wspieranie Dzia\u0142a\u0144 Muzealnych na zadanie: Konserwacja kilkunastu unikatowych obraz\u00f3w z lat 1420-1695 oraz ich digitalizacja. Prace konserwatorskie dotyczy\u0107 b\u0119d\u0105 osiemnastu niezwykle cennych obraz\u00f3w z kolekcji Muzeum. Zabytki wytypowane zosta\u0142ty do konserwacji ze wzgl\u0119du na &hellip; <a href=\"http:\/\/www.muzeum.diecezja.org\/muzeum\/konserwacja-kilkunastu-unikatowych-obrazow-z-lat-1420-1695-oraz-ich-digitalizacja\/\" class=\"more-link\">Czytaj dalej <span class=\"screen-reader-text\">Konserwacja kilkunastu unikatowych obraz\u00f3w z lat 1420-1695 oraz ich digitalizacja<\/span><\/a><\/p>\n","protected":false},"author":1,"featured_media":1357,"comment_status":"closed","ping_status":"open","sticky":false,"template":"","format":"standard","meta":[],"categories":[6],"tags":[],"_links":{"self":[{"href":"http:\/\/www.muzeum.diecezja.org\/muzeum\/wp-json\/wp\/v2\/posts\/1494"}],"collection":[{"href":"http:\/\/www.muzeum.diecezja.org\/muzeum\/wp-json\/wp\/v2\/posts"}],"about":[{"href":"http:\/\/www.muzeum.diecezja.org\/muzeum\/wp-json\/wp\/v2\/types\/post"}],"author":[{"embeddable":true,"href":"http:\/\/www.muzeum.diecezja.org\/muzeum\/wp-json\/wp\/v2\/users\/1"}],"replies":[{"embeddable":true,"href":"http:\/\/www.muzeum.diecezja.org\/muzeum\/wp-json\/wp\/v2\/comments?post=1494"}],"version-history":[{"count":3,"href":"http:\/\/www.muzeum.diecezja.org\/muzeum\/wp-json\/wp\/v2\/posts\/1494\/revisions"}],"predecessor-version":[{"id":1497,"href":"http:\/\/www.muzeum.diecezja.org\/muzeum\/wp-json\/wp\/v2\/posts\/1494\/revisions\/1497"}],"wp:featuredmedia":[{"embeddable":true,"href":"http:\/\/www.muzeum.diecezja.org\/muzeum\/wp-json\/wp\/v2\/media\/1357"}],"wp:attachment":[{"href":"http:\/\/www.muzeum.diecezja.org\/muzeum\/wp-json\/wp\/v2\/media?parent=1494"}],"wp:term":[{"taxonomy":"category","embeddable":true,"href":"http:\/\/www.muzeum.diecezja.org\/muzeum\/wp-json\/wp\/v2\/categories?post=1494"},{"taxonomy":"post_tag","embeddable":true,"href":"http:\/\/www.muzeum.diecezja.org\/muzeum\/wp-json\/wp\/v2\/tags?post=1494"}],"curies":[{"name":"wp","href":"https:\/\/api.w.org\/{rel}","templated":true}]}}