{"id":1661,"date":"2019-02-25T14:08:43","date_gmt":"2019-02-25T13:08:43","guid":{"rendered":"http:\/\/www.muzeum.diecezja.org\/muzeum\/?p=1661"},"modified":"2022-02-14T10:28:49","modified_gmt":"2022-02-14T09:28:49","slug":"koncert-karnawalowy-z-cyklu-koncertow-czwartkowych-w-muzeum","status":"publish","type":"post","link":"http:\/\/www.muzeum.diecezja.org\/muzeum\/koncert-karnawalowy-z-cyklu-koncertow-czwartkowych-w-muzeum\/","title":{"rendered":"Koncert karnawa\u0142owy \u2013 z cyklu Koncert\u00f3w Czwartkowych w Muzeum"},"content":{"rendered":"\r\n<p>W czwartek, 21 lutego 2019 roku, odby\u0142 si\u0119 w Muzeum Diecezjalnym w Pelplinie kolejny w tym sezonie koncert z cyklu Koncert\u00f3w Czwartkowych, jakie rokrocznie organizowane s\u0105 w pelpli\u0144skim muzeum.<\/p>\r\n\r\n\r\n\r\n<p>Miniony koncert by\u0142 koncertem karnawa\u0142owym \u2013 jego przewa\u017caj\u0105co operetkowy repertuar wype\u0142ni\u0142 ostatni rozrywkowy muzyczny wiecz\u00f3r, jaki muzeum zaoferowa\u0142o swej publice przed Wielkim Postem. To by\u0142 naprawd\u0119 \u015bwietny wyst\u0119p solist\u00f3w \u2013 sopranistki Sabiny Olbrich-Szafraniec, barytona Ireneusza Miczki \u2013 w oprawie interesuj\u0105cego tria instrument\u00f3w d\u0119tych Todo Art. Estradowa, kabaretowa, musicalowa atmosfera tego jednego z najg\u0142o\u015bniejszych koncert\u00f3w b\u0142yskawicznie ogarn\u0119\u0142a ca\u0142y muzealny gmach!<\/p>\r\n\r\n\r\n\r\n<p>Koncertowi towarzyszy\u0142a nowa wystawa czasowa, kt\u00f3r\u0105 stanowi poczet biskup\u00f3w che\u0142mi\u0144skich. Poczet tworz\u0105 wybrane portrety \u2013 \u0142\u0105cznie 16 olejnych p\u0142\u00f3cien. Prezentowan\u0105 w muzeum kolekcj\u0119 otwiera portret Tydemana Gise, biskupa che\u0142mi\u0144skiego czas\u00f3w renesansu (1537-1549), zamyka portret biskupa Anastazego Sedlaga (1834 -1856).<\/p>\r\n\r\n\r\n\r\n<p>Zapraszamy 14 marca do naszego muzeum na kolejny koncert czwartkowy \u2013 b\u0119dzie to koncert muzyki gregoria\u0144skiej.<\/p>\r\n<h5>Galeria:<\/h5>\r\n<p>\r\n\r\n\r\n\r\n<\/p>\r\n<div id='gallery-1' class='gallery galleryid-1661 gallery-columns-5 gallery-size-thumbnail'><figure class='gallery-item'>\n\t\t\t<div class='gallery-icon landscape'>\n\t\t\t\t<a href='http:\/\/www.muzeum.diecezja.org\/muzeum\/wp-content\/uploads\/2019\/02\/02.jpg'><img width=\"200\" height=\"200\" src=\"http:\/\/www.muzeum.diecezja.org\/muzeum\/wp-content\/uploads\/2019\/02\/02-200x200.jpg\" class=\"attachment-thumbnail size-thumbnail\" alt=\"\" decoding=\"async\" \/><\/a>\n\t\t\t<\/div><\/figure><figure class='gallery-item'>\n\t\t\t<div class='gallery-icon portrait'>\n\t\t\t\t<a href='http:\/\/www.muzeum.diecezja.org\/muzeum\/wp-content\/uploads\/2019\/02\/01.jpg'><img width=\"200\" height=\"200\" src=\"http:\/\/www.muzeum.diecezja.org\/muzeum\/wp-content\/uploads\/2019\/02\/01-200x200.jpg\" class=\"attachment-thumbnail size-thumbnail\" alt=\"\" decoding=\"async\" \/><\/a>\n\t\t\t<\/div><\/figure><figure class='gallery-item'>\n\t\t\t<div class='gallery-icon portrait'>\n\t\t\t\t<a href='http:\/\/www.muzeum.diecezja.org\/muzeum\/wp-content\/uploads\/2019\/02\/03.jpg'><img width=\"200\" height=\"200\" src=\"http:\/\/www.muzeum.diecezja.org\/muzeum\/wp-content\/uploads\/2019\/02\/03-200x200.jpg\" class=\"attachment-thumbnail size-thumbnail\" alt=\"\" decoding=\"async\" \/><\/a>\n\t\t\t<\/div><\/figure><figure class='gallery-item'>\n\t\t\t<div class='gallery-icon landscape'>\n\t\t\t\t<a href='http:\/\/www.muzeum.diecezja.org\/muzeum\/wp-content\/uploads\/2019\/02\/04.jpg'><img width=\"200\" height=\"200\" src=\"http:\/\/www.muzeum.diecezja.org\/muzeum\/wp-content\/uploads\/2019\/02\/04-200x200.jpg\" class=\"attachment-thumbnail size-thumbnail\" alt=\"\" decoding=\"async\" \/><\/a>\n\t\t\t<\/div><\/figure>\n\t\t<\/div>\n\r\n<p><em>Tekst i zdj\u0119cia: MDP<\/em><\/p>\r\n","protected":false},"excerpt":{"rendered":"<p>W czwartek, 21 lutego 2019 roku, odby\u0142 si\u0119 w Muzeum Diecezjalnym w Pelplinie kolejny w tym sezonie koncert z cyklu Koncert\u00f3w Czwartkowych, jakie rokrocznie organizowane s\u0105 w pelpli\u0144skim muzeum. Miniony koncert by\u0142 koncertem karnawa\u0142owym \u2013 jego przewa\u017caj\u0105co operetkowy repertuar wype\u0142ni\u0142 ostatni rozrywkowy muzyczny wiecz\u00f3r, jaki muzeum zaoferowa\u0142o swej publice przed Wielkim Postem. To by\u0142 naprawd\u0119 &hellip; <a href=\"http:\/\/www.muzeum.diecezja.org\/muzeum\/koncert-karnawalowy-z-cyklu-koncertow-czwartkowych-w-muzeum\/\" class=\"more-link\">Czytaj dalej <span class=\"screen-reader-text\">Koncert karnawa\u0142owy \u2013 z cyklu Koncert\u00f3w Czwartkowych w Muzeum<\/span><\/a><\/p>\n","protected":false},"author":1,"featured_media":0,"comment_status":"closed","ping_status":"open","sticky":false,"template":"","format":"standard","meta":[],"categories":[6,16],"tags":[],"_links":{"self":[{"href":"http:\/\/www.muzeum.diecezja.org\/muzeum\/wp-json\/wp\/v2\/posts\/1661"}],"collection":[{"href":"http:\/\/www.muzeum.diecezja.org\/muzeum\/wp-json\/wp\/v2\/posts"}],"about":[{"href":"http:\/\/www.muzeum.diecezja.org\/muzeum\/wp-json\/wp\/v2\/types\/post"}],"author":[{"embeddable":true,"href":"http:\/\/www.muzeum.diecezja.org\/muzeum\/wp-json\/wp\/v2\/users\/1"}],"replies":[{"embeddable":true,"href":"http:\/\/www.muzeum.diecezja.org\/muzeum\/wp-json\/wp\/v2\/comments?post=1661"}],"version-history":[{"count":6,"href":"http:\/\/www.muzeum.diecezja.org\/muzeum\/wp-json\/wp\/v2\/posts\/1661\/revisions"}],"predecessor-version":[{"id":1671,"href":"http:\/\/www.muzeum.diecezja.org\/muzeum\/wp-json\/wp\/v2\/posts\/1661\/revisions\/1671"}],"wp:attachment":[{"href":"http:\/\/www.muzeum.diecezja.org\/muzeum\/wp-json\/wp\/v2\/media?parent=1661"}],"wp:term":[{"taxonomy":"category","embeddable":true,"href":"http:\/\/www.muzeum.diecezja.org\/muzeum\/wp-json\/wp\/v2\/categories?post=1661"},{"taxonomy":"post_tag","embeddable":true,"href":"http:\/\/www.muzeum.diecezja.org\/muzeum\/wp-json\/wp\/v2\/tags?post=1661"}],"curies":[{"name":"wp","href":"https:\/\/api.w.org\/{rel}","templated":true}]}}