{"id":1744,"date":"2021-05-07T09:48:29","date_gmt":"2021-05-07T07:48:29","guid":{"rendered":"http:\/\/www.muzeum.diecezja.org\/muzeum\/?p=1744"},"modified":"2022-06-02T16:23:02","modified_gmt":"2022-06-02T14:23:02","slug":"konserwacja-gotyckich-rzezb-z-xiv-i-xv-w-ze-zbiorow-muzeum-diecezjalnego-w-pelplinie-oraz-ich-digitalizacja","status":"publish","type":"post","link":"http:\/\/www.muzeum.diecezja.org\/muzeum\/konserwacja-gotyckich-rzezb-z-xiv-i-xv-w-ze-zbiorow-muzeum-diecezjalnego-w-pelplinie-oraz-ich-digitalizacja\/","title":{"rendered":"Konserwacja gotyckich rze\u017ab z XIV i XV w. ze zbior\u00f3w Muzeum Diecezjalnego w Pelplinie oraz ich digitalizacja"},"content":{"rendered":"<p><a href=\"http:\/\/www.muzeum.diecezja.org\/muzeum\/wp-content\/uploads\/2021\/05\/muzeum-plakat-2021.001.jpeg\"><img fetchpriority=\"high\" decoding=\"async\" class=\"aligncenter wp-image-1754 size-full\" src=\"http:\/\/www.muzeum.diecezja.org\/muzeum\/wp-content\/uploads\/2021\/05\/muzeum-plakat-2021.001.jpeg\" alt=\"\" width=\"1024\" height=\"768\" srcset=\"http:\/\/www.muzeum.diecezja.org\/muzeum\/wp-content\/uploads\/2021\/05\/muzeum-plakat-2021.001.jpeg 1024w, http:\/\/www.muzeum.diecezja.org\/muzeum\/wp-content\/uploads\/2021\/05\/muzeum-plakat-2021.001-300x225.jpeg 300w, http:\/\/www.muzeum.diecezja.org\/muzeum\/wp-content\/uploads\/2021\/05\/muzeum-plakat-2021.001-768x576.jpeg 768w, http:\/\/www.muzeum.diecezja.org\/muzeum\/wp-content\/uploads\/2021\/05\/muzeum-plakat-2021.001-240x180.jpeg 240w\" sizes=\"(max-width: 1024px) 100vw, 1024px\" \/><\/a>Muzeum Diecezjalne w Pelplinie w 2021 r. w ramach projektu Ministra Kultury i Dziedzictwa<br \/>\nNarodowego &#8211; Wspieranie Dzia\u0142a\u0144 Muzealnych, realizuje zadanie pn.: Konserwacja gotyckich rze\u017ab z<br \/>\nXIV i XV w. ze zbior\u00f3w Muzeum Diecezjalnego w Pelplinie oraz ich digitalizacja.<br \/>\n<span class=\"gwpe2fa38b9_colour\"><span class=\"gwpe2fa38b9_size\"><span class=\"gwpe2fa38b9_font\">Dofinansowano ze \u015brodk\u00f3w Ministra Kultury, Dziedzictwa Narodowego i Sportu pochodz\u0105cych z Funduszu Promocji Kultury &#8211; pa\u0144stwowego funduszu celowego<\/span><\/span><\/span><\/p>\n<div class=\"ddict_btn\" style=\"top: 81px; left: 716.922px;\"><\/div>\n","protected":false},"excerpt":{"rendered":"<p>Muzeum Diecezjalne w Pelplinie w 2021 r. w ramach projektu Ministra Kultury i Dziedzictwa Narodowego &#8211; Wspieranie Dzia\u0142a\u0144 Muzealnych, realizuje zadanie pn.: Konserwacja gotyckich rze\u017ab z XIV i XV w. ze zbior\u00f3w Muzeum Diecezjalnego w Pelplinie oraz ich digitalizacja. Dofinansowano ze \u015brodk\u00f3w Ministra Kultury, Dziedzictwa Narodowego i Sportu pochodz\u0105cych z Funduszu Promocji Kultury &#8211; pa\u0144stwowego &hellip; <a href=\"http:\/\/www.muzeum.diecezja.org\/muzeum\/konserwacja-gotyckich-rzezb-z-xiv-i-xv-w-ze-zbiorow-muzeum-diecezjalnego-w-pelplinie-oraz-ich-digitalizacja\/\" class=\"more-link\">Czytaj dalej <span class=\"screen-reader-text\">Konserwacja gotyckich rze\u017ab z XIV i XV w. ze zbior\u00f3w Muzeum Diecezjalnego w Pelplinie oraz ich digitalizacja<\/span><\/a><\/p>\n","protected":false},"author":1,"featured_media":1754,"comment_status":"closed","ping_status":"open","sticky":false,"template":"","format":"standard","meta":[],"categories":[6,1,15],"tags":[],"_links":{"self":[{"href":"http:\/\/www.muzeum.diecezja.org\/muzeum\/wp-json\/wp\/v2\/posts\/1744"}],"collection":[{"href":"http:\/\/www.muzeum.diecezja.org\/muzeum\/wp-json\/wp\/v2\/posts"}],"about":[{"href":"http:\/\/www.muzeum.diecezja.org\/muzeum\/wp-json\/wp\/v2\/types\/post"}],"author":[{"embeddable":true,"href":"http:\/\/www.muzeum.diecezja.org\/muzeum\/wp-json\/wp\/v2\/users\/1"}],"replies":[{"embeddable":true,"href":"http:\/\/www.muzeum.diecezja.org\/muzeum\/wp-json\/wp\/v2\/comments?post=1744"}],"version-history":[{"count":5,"href":"http:\/\/www.muzeum.diecezja.org\/muzeum\/wp-json\/wp\/v2\/posts\/1744\/revisions"}],"predecessor-version":[{"id":1757,"href":"http:\/\/www.muzeum.diecezja.org\/muzeum\/wp-json\/wp\/v2\/posts\/1744\/revisions\/1757"}],"wp:featuredmedia":[{"embeddable":true,"href":"http:\/\/www.muzeum.diecezja.org\/muzeum\/wp-json\/wp\/v2\/media\/1754"}],"wp:attachment":[{"href":"http:\/\/www.muzeum.diecezja.org\/muzeum\/wp-json\/wp\/v2\/media?parent=1744"}],"wp:term":[{"taxonomy":"category","embeddable":true,"href":"http:\/\/www.muzeum.diecezja.org\/muzeum\/wp-json\/wp\/v2\/categories?post=1744"},{"taxonomy":"post_tag","embeddable":true,"href":"http:\/\/www.muzeum.diecezja.org\/muzeum\/wp-json\/wp\/v2\/tags?post=1744"}],"curies":[{"name":"wp","href":"https:\/\/api.w.org\/{rel}","templated":true}]}}