{"id":1964,"date":"2022-07-01T11:41:39","date_gmt":"2022-07-01T09:41:39","guid":{"rendered":"http:\/\/www.muzeum.diecezja.org\/muzeum\/?p=1964"},"modified":"2023-05-03T12:18:32","modified_gmt":"2023-05-03T10:18:32","slug":"otwarcie-muzeum-diecezjalnego-w-pelplinie-oraz-wystawy-wyszynski-pater-patriae","status":"publish","type":"post","link":"http:\/\/www.muzeum.diecezja.org\/muzeum\/otwarcie-muzeum-diecezjalnego-w-pelplinie-oraz-wystawy-wyszynski-pater-patriae\/","title":{"rendered":"Otwarcie Muzeum Diecezjalnego w Pelplinie oraz wystawy Wyszy\u0144ski-Pater Patriae"},"content":{"rendered":"<p style=\"text-align: center;\">Dnia 28 czerwca 2022r, nast\u0105pi\u0142o oficjalne otwarcie Muzeum Diecezjalnego w Pelplinie po termomodernizacji.<\/p>\n<p style=\"text-align: center;\">Razem z otwarciem w tym samym dniu odby\u0142o si\u0119 otwarcie wystawy Pater Patriae, jest to og\u00f3lnopolska wystawa sztuki dedykowana Kardyna\u0142owi Stefanowi Wyszy\u0144skiemu. Wystawa ta zosta\u0142a przygotowana z okazji Jego beatyfikacji i b\u0119dzie mo\u017cna j\u0105 ogl\u0105da\u0107 w naszym Muzeum <strong>do 18 wrze\u015bnia 2022r.<\/strong><\/p>\n<p style=\"text-align: center;\">Zosta\u0142a ona zrealizowana w r\u00f3\u017cnych technikach (malarstwo,rysunek, fotografia itp.) przez ponad 80 artyst\u00f3w z ca\u0142ej Polski. Celem wystawy jest ukazanie jak wa\u017cnym wydarzeniem by\u0142a beatyfikacja Prymasa Tysi\u0105clecia.<\/p>\n<p style=\"text-align: center;\">Zach\u0119camy do odwiedzenia Muzeum i zobaczenia wystawy Wyszy\u0144ski-Pater Patriae na w\u0142asne oczy.<\/p>\n<p style=\"text-align: center;\"><img fetchpriority=\"high\" decoding=\"async\" class=\"aligncenter wp-image-1967 \" src=\"http:\/\/www.muzeum.diecezja.org\/muzeum\/wp-content\/uploads\/2022\/07\/DSC_0113-scaled.jpg\" alt=\"\" width=\"790\" height=\"527\" srcset=\"http:\/\/www.muzeum.diecezja.org\/muzeum\/wp-content\/uploads\/2022\/07\/DSC_0113-scaled.jpg 2560w, http:\/\/www.muzeum.diecezja.org\/muzeum\/wp-content\/uploads\/2022\/07\/DSC_0113-300x200.jpg 300w, http:\/\/www.muzeum.diecezja.org\/muzeum\/wp-content\/uploads\/2022\/07\/DSC_0113-270x180.jpg 270w, http:\/\/www.muzeum.diecezja.org\/muzeum\/wp-content\/uploads\/2022\/07\/DSC_0113-768x512.jpg 768w, http:\/\/www.muzeum.diecezja.org\/muzeum\/wp-content\/uploads\/2022\/07\/DSC_0113-1536x1024.jpg 1536w, http:\/\/www.muzeum.diecezja.org\/muzeum\/wp-content\/uploads\/2022\/07\/DSC_0113-2048x1365.jpg 2048w, http:\/\/www.muzeum.diecezja.org\/muzeum\/wp-content\/uploads\/2022\/07\/DSC_0113-1140x760.jpg 1140w, http:\/\/www.muzeum.diecezja.org\/muzeum\/wp-content\/uploads\/2022\/07\/DSC_0113-150x100.jpg 150w, http:\/\/www.muzeum.diecezja.org\/muzeum\/wp-content\/uploads\/2022\/07\/DSC_0113-600x400.jpg 600w\" sizes=\"(max-width: 790px) 100vw, 790px\" \/>\u00a0\u00a0\u00a0\u00a0\u00a0 <img decoding=\"async\" class=\"aligncenter wp-image-1970 \" src=\"http:\/\/www.muzeum.diecezja.org\/muzeum\/wp-content\/uploads\/2022\/07\/DSC_0127-scaled.jpg\" alt=\"\" width=\"781\" height=\"537\" srcset=\"http:\/\/www.muzeum.diecezja.org\/muzeum\/wp-content\/uploads\/2022\/07\/DSC_0127-scaled.jpg 2560w, http:\/\/www.muzeum.diecezja.org\/muzeum\/wp-content\/uploads\/2022\/07\/DSC_0127-300x206.jpg 300w, http:\/\/www.muzeum.diecezja.org\/muzeum\/wp-content\/uploads\/2022\/07\/DSC_0127-262x180.jpg 262w, http:\/\/www.muzeum.diecezja.org\/muzeum\/wp-content\/uploads\/2022\/07\/DSC_0127-768x528.jpg 768w, http:\/\/www.muzeum.diecezja.org\/muzeum\/wp-content\/uploads\/2022\/07\/DSC_0127-1536x1057.jpg 1536w, http:\/\/www.muzeum.diecezja.org\/muzeum\/wp-content\/uploads\/2022\/07\/DSC_0127-2048x1409.jpg 2048w\" sizes=\"(max-width: 781px) 100vw, 781px\" \/><\/p>\n<p>&nbsp;<\/p>\n<p><img decoding=\"async\" class=\"alignright wp-image-1966\" src=\"http:\/\/www.muzeum.diecezja.org\/muzeum\/wp-content\/uploads\/2022\/07\/DSC_0104-scaled.jpg\" alt=\"\" width=\"247\" height=\"390\" srcset=\"http:\/\/www.muzeum.diecezja.org\/muzeum\/wp-content\/uploads\/2022\/07\/DSC_0104-scaled.jpg 1621w, http:\/\/www.muzeum.diecezja.org\/muzeum\/wp-content\/uploads\/2022\/07\/DSC_0104-190x300.jpg 190w, http:\/\/www.muzeum.diecezja.org\/muzeum\/wp-content\/uploads\/2022\/07\/DSC_0104-114x180.jpg 114w, http:\/\/www.muzeum.diecezja.org\/muzeum\/wp-content\/uploads\/2022\/07\/DSC_0104-768x1213.jpg 768w, http:\/\/www.muzeum.diecezja.org\/muzeum\/wp-content\/uploads\/2022\/07\/DSC_0104-973x1536.jpg 973w, http:\/\/www.muzeum.diecezja.org\/muzeum\/wp-content\/uploads\/2022\/07\/DSC_0104-1297x2048.jpg 1297w\" sizes=\"(max-width: 247px) 100vw, 247px\" \/><img loading=\"lazy\" decoding=\"async\" class=\"alignleft wp-image-1965\" src=\"http:\/\/www.muzeum.diecezja.org\/muzeum\/wp-content\/uploads\/2022\/07\/DSC_0102-200x300.jpg\" alt=\"\" width=\"252\" height=\"378\" srcset=\"http:\/\/www.muzeum.diecezja.org\/muzeum\/wp-content\/uploads\/2022\/07\/DSC_0102-200x300.jpg 200w, http:\/\/www.muzeum.diecezja.org\/muzeum\/wp-content\/uploads\/2022\/07\/DSC_0102-120x180.jpg 120w, http:\/\/www.muzeum.diecezja.org\/muzeum\/wp-content\/uploads\/2022\/07\/DSC_0102-768x1152.jpg 768w, http:\/\/www.muzeum.diecezja.org\/muzeum\/wp-content\/uploads\/2022\/07\/DSC_0102-1024x1536.jpg 1024w, http:\/\/www.muzeum.diecezja.org\/muzeum\/wp-content\/uploads\/2022\/07\/DSC_0102-1365x2048.jpg 1365w, http:\/\/www.muzeum.diecezja.org\/muzeum\/wp-content\/uploads\/2022\/07\/DSC_0102-scaled.jpg 1707w\" sizes=\"(max-width: 252px) 100vw, 252px\" \/><img loading=\"lazy\" decoding=\"async\" class=\"wp-image-1969 aligncenter\" src=\"http:\/\/www.muzeum.diecezja.org\/muzeum\/wp-content\/uploads\/2022\/07\/DSC_0118-scaled.jpg\" alt=\"\" width=\"750\" height=\"1125\" srcset=\"http:\/\/www.muzeum.diecezja.org\/muzeum\/wp-content\/uploads\/2022\/07\/DSC_0118-scaled.jpg 1707w, http:\/\/www.muzeum.diecezja.org\/muzeum\/wp-content\/uploads\/2022\/07\/DSC_0118-200x300.jpg 200w, http:\/\/www.muzeum.diecezja.org\/muzeum\/wp-content\/uploads\/2022\/07\/DSC_0118-120x180.jpg 120w, http:\/\/www.muzeum.diecezja.org\/muzeum\/wp-content\/uploads\/2022\/07\/DSC_0118-768x1152.jpg 768w, http:\/\/www.muzeum.diecezja.org\/muzeum\/wp-content\/uploads\/2022\/07\/DSC_0118-1024x1536.jpg 1024w, http:\/\/www.muzeum.diecezja.org\/muzeum\/wp-content\/uploads\/2022\/07\/DSC_0118-1365x2048.jpg 1365w\" sizes=\"(max-width: 750px) 100vw, 750px\" \/><\/p>\n","protected":false},"excerpt":{"rendered":"<p>Dnia 28 czerwca 2022r, nast\u0105pi\u0142o oficjalne otwarcie Muzeum Diecezjalnego w Pelplinie po termomodernizacji. Razem z otwarciem w tym samym dniu odby\u0142o si\u0119 otwarcie wystawy Pater Patriae, jest to og\u00f3lnopolska wystawa sztuki dedykowana Kardyna\u0142owi Stefanowi Wyszy\u0144skiemu. Wystawa ta zosta\u0142a przygotowana z okazji Jego beatyfikacji i b\u0119dzie mo\u017cna j\u0105 ogl\u0105da\u0107 w naszym Muzeum do 18 wrze\u015bnia 2022r. &hellip; <a href=\"http:\/\/www.muzeum.diecezja.org\/muzeum\/otwarcie-muzeum-diecezjalnego-w-pelplinie-oraz-wystawy-wyszynski-pater-patriae\/\" class=\"more-link\">Czytaj dalej <span class=\"screen-reader-text\">Otwarcie Muzeum Diecezjalnego w Pelplinie oraz wystawy Wyszy\u0144ski-Pater Patriae<\/span><\/a><\/p>\n","protected":false},"author":3,"featured_media":1971,"comment_status":"closed","ping_status":"open","sticky":false,"template":"","format":"standard","meta":[],"categories":[6,11,9],"tags":[],"_links":{"self":[{"href":"http:\/\/www.muzeum.diecezja.org\/muzeum\/wp-json\/wp\/v2\/posts\/1964"}],"collection":[{"href":"http:\/\/www.muzeum.diecezja.org\/muzeum\/wp-json\/wp\/v2\/posts"}],"about":[{"href":"http:\/\/www.muzeum.diecezja.org\/muzeum\/wp-json\/wp\/v2\/types\/post"}],"author":[{"embeddable":true,"href":"http:\/\/www.muzeum.diecezja.org\/muzeum\/wp-json\/wp\/v2\/users\/3"}],"replies":[{"embeddable":true,"href":"http:\/\/www.muzeum.diecezja.org\/muzeum\/wp-json\/wp\/v2\/comments?post=1964"}],"version-history":[{"count":6,"href":"http:\/\/www.muzeum.diecezja.org\/muzeum\/wp-json\/wp\/v2\/posts\/1964\/revisions"}],"predecessor-version":[{"id":1977,"href":"http:\/\/www.muzeum.diecezja.org\/muzeum\/wp-json\/wp\/v2\/posts\/1964\/revisions\/1977"}],"wp:featuredmedia":[{"embeddable":true,"href":"http:\/\/www.muzeum.diecezja.org\/muzeum\/wp-json\/wp\/v2\/media\/1971"}],"wp:attachment":[{"href":"http:\/\/www.muzeum.diecezja.org\/muzeum\/wp-json\/wp\/v2\/media?parent=1964"}],"wp:term":[{"taxonomy":"category","embeddable":true,"href":"http:\/\/www.muzeum.diecezja.org\/muzeum\/wp-json\/wp\/v2\/categories?post=1964"},{"taxonomy":"post_tag","embeddable":true,"href":"http:\/\/www.muzeum.diecezja.org\/muzeum\/wp-json\/wp\/v2\/tags?post=1964"}],"curies":[{"name":"wp","href":"https:\/\/api.w.org\/{rel}","templated":true}]}}