{"id":2015,"date":"2022-09-15T16:17:34","date_gmt":"2022-09-15T14:17:34","guid":{"rendered":"http:\/\/www.muzeum.diecezja.org\/muzeum\/?p=2015"},"modified":"2022-09-30T11:23:20","modified_gmt":"2022-09-30T09:23:20","slug":"zwiedzanie-w-dniach-17-09-18-09-2022","status":"publish","type":"post","link":"http:\/\/www.muzeum.diecezja.org\/muzeum\/zwiedzanie-w-dniach-17-09-18-09-2022\/","title":{"rendered":"Zwiedzanie w dniach 17.09-18.09.2022"},"content":{"rendered":"<p style=\"text-align: center;\"><strong>Drodzy zwiedzaj\u0105cy !<\/strong><\/p>\n<p style=\"text-align: center;\">W sobot\u0119 i niedziel\u0119 wst\u0119p do Muzeum Diecezjalnego b\u0119dzie bezp\u0142atny.<\/p>\n<p style=\"text-align: center;\">Godziny zwiedzania:<\/p>\n<p style=\"text-align: center;\"><strong>-Sobota 12:00-16:00<\/strong><\/p>\n<p style=\"text-align: center;\"><strong>-Niedziela 11:30-16:30<\/strong><\/p>\n<p style=\"text-align: center;\">Serdecznie zapraszamy! <img fetchpriority=\"high\" decoding=\"async\" class=\"aligncenter wp-image-2016\" src=\"http:\/\/www.muzeum.diecezja.org\/muzeum\/wp-content\/uploads\/2022\/09\/DSC_1108-scaled.jpg\" alt=\"\" width=\"800\" height=\"533\" srcset=\"http:\/\/www.muzeum.diecezja.org\/muzeum\/wp-content\/uploads\/2022\/09\/DSC_1108-scaled.jpg 2560w, http:\/\/www.muzeum.diecezja.org\/muzeum\/wp-content\/uploads\/2022\/09\/DSC_1108-300x200.jpg 300w, http:\/\/www.muzeum.diecezja.org\/muzeum\/wp-content\/uploads\/2022\/09\/DSC_1108-270x180.jpg 270w, http:\/\/www.muzeum.diecezja.org\/muzeum\/wp-content\/uploads\/2022\/09\/DSC_1108-768x512.jpg 768w, http:\/\/www.muzeum.diecezja.org\/muzeum\/wp-content\/uploads\/2022\/09\/DSC_1108-1536x1024.jpg 1536w, http:\/\/www.muzeum.diecezja.org\/muzeum\/wp-content\/uploads\/2022\/09\/DSC_1108-2048x1365.jpg 2048w, http:\/\/www.muzeum.diecezja.org\/muzeum\/wp-content\/uploads\/2022\/09\/DSC_1108-1140x760.jpg 1140w, http:\/\/www.muzeum.diecezja.org\/muzeum\/wp-content\/uploads\/2022\/09\/DSC_1108-150x100.jpg 150w, http:\/\/www.muzeum.diecezja.org\/muzeum\/wp-content\/uploads\/2022\/09\/DSC_1108-600x400.jpg 600w\" sizes=\"(max-width: 800px) 100vw, 800px\" \/><\/p>\n","protected":false},"excerpt":{"rendered":"<p>Drodzy zwiedzaj\u0105cy ! W sobot\u0119 i niedziel\u0119 wst\u0119p do Muzeum Diecezjalnego b\u0119dzie bezp\u0142atny. Godziny zwiedzania: -Sobota 12:00-16:00 -Niedziela 11:30-16:30 Serdecznie zapraszamy!<\/p>\n","protected":false},"author":3,"featured_media":0,"comment_status":"closed","ping_status":"open","sticky":false,"template":"","format":"standard","meta":[],"categories":[6],"tags":[],"_links":{"self":[{"href":"http:\/\/www.muzeum.diecezja.org\/muzeum\/wp-json\/wp\/v2\/posts\/2015"}],"collection":[{"href":"http:\/\/www.muzeum.diecezja.org\/muzeum\/wp-json\/wp\/v2\/posts"}],"about":[{"href":"http:\/\/www.muzeum.diecezja.org\/muzeum\/wp-json\/wp\/v2\/types\/post"}],"author":[{"embeddable":true,"href":"http:\/\/www.muzeum.diecezja.org\/muzeum\/wp-json\/wp\/v2\/users\/3"}],"replies":[{"embeddable":true,"href":"http:\/\/www.muzeum.diecezja.org\/muzeum\/wp-json\/wp\/v2\/comments?post=2015"}],"version-history":[{"count":1,"href":"http:\/\/www.muzeum.diecezja.org\/muzeum\/wp-json\/wp\/v2\/posts\/2015\/revisions"}],"predecessor-version":[{"id":2017,"href":"http:\/\/www.muzeum.diecezja.org\/muzeum\/wp-json\/wp\/v2\/posts\/2015\/revisions\/2017"}],"wp:attachment":[{"href":"http:\/\/www.muzeum.diecezja.org\/muzeum\/wp-json\/wp\/v2\/media?parent=2015"}],"wp:term":[{"taxonomy":"category","embeddable":true,"href":"http:\/\/www.muzeum.diecezja.org\/muzeum\/wp-json\/wp\/v2\/categories?post=2015"},{"taxonomy":"post_tag","embeddable":true,"href":"http:\/\/www.muzeum.diecezja.org\/muzeum\/wp-json\/wp\/v2\/tags?post=2015"}],"curies":[{"name":"wp","href":"https:\/\/api.w.org\/{rel}","templated":true}]}}