{"id":2180,"date":"2023-03-10T16:36:39","date_gmt":"2023-03-10T15:36:39","guid":{"rendered":"http:\/\/www.muzeum.diecezja.org\/muzeum\/?p=2180"},"modified":"2023-03-10T18:00:18","modified_gmt":"2023-03-10T17:00:18","slug":"koncert-czwartkowy","status":"publish","type":"post","link":"http:\/\/www.muzeum.diecezja.org\/muzeum\/koncert-czwartkowy\/","title":{"rendered":"&#8222;Koncert Czwartkowy&#8221;"},"content":{"rendered":"<div dir=\"auto\" style=\"text-align: center;\"><strong>Muzeum Diecezjalne w Pelplinie im. Biskupa Stanis\u0142awa Wojciecha Okoniewskiego<\/strong><\/div>\n<div dir=\"auto\" style=\"text-align: center;\"><strong> serdecznie zaprasza na &#8222;KONCERT CZWARTKOWY&#8221;<\/strong><\/div>\n<div dir=\"auto\" style=\"text-align: center;\"><strong>PIE\u015aNI WIELKOPOSTNYCH w wykonaniu zespo\u0142u wokalnego AMOROSO,<\/strong><\/div>\n<div dir=\"auto\" style=\"text-align: center;\"><strong> kt\u00f3ry odb\u0119dzie si\u0119 dnia 30 marca 2023 roku o godz. 18.00 w MUZEUM przy ulicy Biskupa Dominika 11.<\/strong><\/div>\n<div dir=\"auto\" style=\"text-align: center;\"><strong> Wst\u0119p wolny.<\/strong><\/div>\n<p><img fetchpriority=\"high\" decoding=\"async\" class=\"aligncenter size-full wp-image-2181\" src=\"http:\/\/www.muzeum.diecezja.org\/muzeum\/wp-content\/uploads\/2023\/03\/plakat-koncert-czwartkowy-logo-muzeum_fiolet.jpg\" alt=\"\" width=\"1244\" height=\"1728\" srcset=\"http:\/\/www.muzeum.diecezja.org\/muzeum\/wp-content\/uploads\/2023\/03\/plakat-koncert-czwartkowy-logo-muzeum_fiolet.jpg 1244w, http:\/\/www.muzeum.diecezja.org\/muzeum\/wp-content\/uploads\/2023\/03\/plakat-koncert-czwartkowy-logo-muzeum_fiolet-216x300.jpg 216w, http:\/\/www.muzeum.diecezja.org\/muzeum\/wp-content\/uploads\/2023\/03\/plakat-koncert-czwartkowy-logo-muzeum_fiolet-130x180.jpg 130w, http:\/\/www.muzeum.diecezja.org\/muzeum\/wp-content\/uploads\/2023\/03\/plakat-koncert-czwartkowy-logo-muzeum_fiolet-768x1067.jpg 768w, http:\/\/www.muzeum.diecezja.org\/muzeum\/wp-content\/uploads\/2023\/03\/plakat-koncert-czwartkowy-logo-muzeum_fiolet-1106x1536.jpg 1106w\" sizes=\"(max-width: 1244px) 100vw, 1244px\" \/><\/p>\n","protected":false},"excerpt":{"rendered":"<p>Muzeum Diecezjalne w Pelplinie im. Biskupa Stanis\u0142awa Wojciecha Okoniewskiego serdecznie zaprasza na &#8222;KONCERT CZWARTKOWY&#8221; PIE\u015aNI WIELKOPOSTNYCH w wykonaniu zespo\u0142u wokalnego AMOROSO, kt\u00f3ry odb\u0119dzie si\u0119 dnia 30 marca 2023 roku o godz. 18.00 w MUZEUM przy ulicy Biskupa Dominika 11. Wst\u0119p wolny.<\/p>\n","protected":false},"author":3,"featured_media":2181,"comment_status":"closed","ping_status":"open","sticky":false,"template":"","format":"standard","meta":[],"categories":[6,16],"tags":[],"_links":{"self":[{"href":"http:\/\/www.muzeum.diecezja.org\/muzeum\/wp-json\/wp\/v2\/posts\/2180"}],"collection":[{"href":"http:\/\/www.muzeum.diecezja.org\/muzeum\/wp-json\/wp\/v2\/posts"}],"about":[{"href":"http:\/\/www.muzeum.diecezja.org\/muzeum\/wp-json\/wp\/v2\/types\/post"}],"author":[{"embeddable":true,"href":"http:\/\/www.muzeum.diecezja.org\/muzeum\/wp-json\/wp\/v2\/users\/3"}],"replies":[{"embeddable":true,"href":"http:\/\/www.muzeum.diecezja.org\/muzeum\/wp-json\/wp\/v2\/comments?post=2180"}],"version-history":[{"count":4,"href":"http:\/\/www.muzeum.diecezja.org\/muzeum\/wp-json\/wp\/v2\/posts\/2180\/revisions"}],"predecessor-version":[{"id":2185,"href":"http:\/\/www.muzeum.diecezja.org\/muzeum\/wp-json\/wp\/v2\/posts\/2180\/revisions\/2185"}],"wp:featuredmedia":[{"embeddable":true,"href":"http:\/\/www.muzeum.diecezja.org\/muzeum\/wp-json\/wp\/v2\/media\/2181"}],"wp:attachment":[{"href":"http:\/\/www.muzeum.diecezja.org\/muzeum\/wp-json\/wp\/v2\/media?parent=2180"}],"wp:term":[{"taxonomy":"category","embeddable":true,"href":"http:\/\/www.muzeum.diecezja.org\/muzeum\/wp-json\/wp\/v2\/categories?post=2180"},{"taxonomy":"post_tag","embeddable":true,"href":"http:\/\/www.muzeum.diecezja.org\/muzeum\/wp-json\/wp\/v2\/tags?post=2180"}],"curies":[{"name":"wp","href":"https:\/\/api.w.org\/{rel}","templated":true}]}}