{"id":2229,"date":"2023-05-05T16:09:59","date_gmt":"2023-05-05T14:09:59","guid":{"rendered":"http:\/\/www.muzeum.diecezja.org\/muzeum\/?p=2229"},"modified":"2023-05-05T16:30:12","modified_gmt":"2023-05-05T14:30:12","slug":"noc-muzeow-2023r","status":"publish","type":"post","link":"http:\/\/www.muzeum.diecezja.org\/muzeum\/noc-muzeow-2023r\/","title":{"rendered":"NOC MUZE\u00d3W 2023r."},"content":{"rendered":"<p style=\"text-align: center;\">Muzeum Diecezjalne czynne tego dnia od godziny 12:00<\/p>\n<p style=\"text-align: center;\"><strong>WST\u0118P BEZP\u0141ATNY!<\/strong><\/p>\n<p style=\"text-align: center;\">W ten wyj\u0105tkowy dzie\u0144 b\u0119dzie wystawiony <strong>ORYGINA\u0141 BIBLII GUTENBERGA!<\/strong><\/p>\n<p style=\"text-align: center;\">Serdecznie zapraszamy!<\/p>\n<p style=\"text-align: center;\"><img fetchpriority=\"high\" decoding=\"async\" class=\"alignnone size-full wp-image-2230\" src=\"http:\/\/www.muzeum.diecezja.org\/muzeum\/wp-content\/uploads\/2023\/05\/noc-muzow-plakat.jpg\" alt=\"\" width=\"1759\" height=\"2478\" srcset=\"http:\/\/www.muzeum.diecezja.org\/muzeum\/wp-content\/uploads\/2023\/05\/noc-muzow-plakat.jpg 1759w, http:\/\/www.muzeum.diecezja.org\/muzeum\/wp-content\/uploads\/2023\/05\/noc-muzow-plakat-213x300.jpg 213w, http:\/\/www.muzeum.diecezja.org\/muzeum\/wp-content\/uploads\/2023\/05\/noc-muzow-plakat-128x180.jpg 128w, http:\/\/www.muzeum.diecezja.org\/muzeum\/wp-content\/uploads\/2023\/05\/noc-muzow-plakat-768x1082.jpg 768w, http:\/\/www.muzeum.diecezja.org\/muzeum\/wp-content\/uploads\/2023\/05\/noc-muzow-plakat-1090x1536.jpg 1090w, http:\/\/www.muzeum.diecezja.org\/muzeum\/wp-content\/uploads\/2023\/05\/noc-muzow-plakat-1454x2048.jpg 1454w\" sizes=\"(max-width: 1759px) 100vw, 1759px\" \/><\/p>\n<p>&nbsp;<\/p>\n","protected":false},"excerpt":{"rendered":"<p>Muzeum Diecezjalne czynne tego dnia od godziny 12:00 WST\u0118P BEZP\u0141ATNY! W ten wyj\u0105tkowy dzie\u0144 b\u0119dzie wystawiony ORYGINA\u0141 BIBLII GUTENBERGA! Serdecznie zapraszamy! &nbsp;<\/p>\n","protected":false},"author":5,"featured_media":2235,"comment_status":"closed","ping_status":"open","sticky":false,"template":"","format":"standard","meta":[],"categories":[6,7],"tags":[],"_links":{"self":[{"href":"http:\/\/www.muzeum.diecezja.org\/muzeum\/wp-json\/wp\/v2\/posts\/2229"}],"collection":[{"href":"http:\/\/www.muzeum.diecezja.org\/muzeum\/wp-json\/wp\/v2\/posts"}],"about":[{"href":"http:\/\/www.muzeum.diecezja.org\/muzeum\/wp-json\/wp\/v2\/types\/post"}],"author":[{"embeddable":true,"href":"http:\/\/www.muzeum.diecezja.org\/muzeum\/wp-json\/wp\/v2\/users\/5"}],"replies":[{"embeddable":true,"href":"http:\/\/www.muzeum.diecezja.org\/muzeum\/wp-json\/wp\/v2\/comments?post=2229"}],"version-history":[{"count":2,"href":"http:\/\/www.muzeum.diecezja.org\/muzeum\/wp-json\/wp\/v2\/posts\/2229\/revisions"}],"predecessor-version":[{"id":2233,"href":"http:\/\/www.muzeum.diecezja.org\/muzeum\/wp-json\/wp\/v2\/posts\/2229\/revisions\/2233"}],"wp:featuredmedia":[{"embeddable":true,"href":"http:\/\/www.muzeum.diecezja.org\/muzeum\/wp-json\/wp\/v2\/media\/2235"}],"wp:attachment":[{"href":"http:\/\/www.muzeum.diecezja.org\/muzeum\/wp-json\/wp\/v2\/media?parent=2229"}],"wp:term":[{"taxonomy":"category","embeddable":true,"href":"http:\/\/www.muzeum.diecezja.org\/muzeum\/wp-json\/wp\/v2\/categories?post=2229"},{"taxonomy":"post_tag","embeddable":true,"href":"http:\/\/www.muzeum.diecezja.org\/muzeum\/wp-json\/wp\/v2\/tags?post=2229"}],"curies":[{"name":"wp","href":"https:\/\/api.w.org\/{rel}","templated":true}]}}