{"id":2319,"date":"2023-08-05T14:04:30","date_gmt":"2023-08-05T12:04:30","guid":{"rendered":"http:\/\/www.muzeum.diecezja.org\/muzeum\/?p=2319"},"modified":"2023-08-11T11:34:12","modified_gmt":"2023-08-11T09:34:12","slug":"koncert-wracc-duo-24-sierpnia-2023","status":"publish","type":"post","link":"http:\/\/www.muzeum.diecezja.org\/muzeum\/koncert-wracc-duo-24-sierpnia-2023\/","title":{"rendered":"Koncert WRAcc Duo &#8211; 24 sierpnia 2023"},"content":{"rendered":"<p><img fetchpriority=\"high\" decoding=\"async\" class=\"alignnone size-full wp-image-2321\" src=\"http:\/\/www.muzeum.diecezja.org\/muzeum\/wp-content\/uploads\/2023\/08\/wraccduo24082023.jpg\" alt=\"\" width=\"1587\" height=\"2245\" srcset=\"http:\/\/www.muzeum.diecezja.org\/muzeum\/wp-content\/uploads\/2023\/08\/wraccduo24082023.jpg 1587w, http:\/\/www.muzeum.diecezja.org\/muzeum\/wp-content\/uploads\/2023\/08\/wraccduo24082023-212x300.jpg 212w, http:\/\/www.muzeum.diecezja.org\/muzeum\/wp-content\/uploads\/2023\/08\/wraccduo24082023-127x180.jpg 127w, http:\/\/www.muzeum.diecezja.org\/muzeum\/wp-content\/uploads\/2023\/08\/wraccduo24082023-768x1086.jpg 768w, http:\/\/www.muzeum.diecezja.org\/muzeum\/wp-content\/uploads\/2023\/08\/wraccduo24082023-1086x1536.jpg 1086w, http:\/\/www.muzeum.diecezja.org\/muzeum\/wp-content\/uploads\/2023\/08\/wraccduo24082023-1448x2048.jpg 1448w\" sizes=\"(max-width: 1587px) 100vw, 1587px\" \/><\/p>\n<p style=\"text-align: left;\"><strong>WRAcc Duo<\/strong> to projekt muzyczny, kt\u00f3ry tworz\u0105 <strong>Pawe\u0142 Wi\u015bniewski<\/strong> oraz <strong>Pawe\u0142 Ratajek<\/strong> \u2013 dwaj wyr\u00f3\u017cniaj\u0105cy si\u0119 akordeoni\u015bci m\u0142odego pokolenia. Innowacyjne podej\u015bcie do mo\u017cliwo\u015bci instrumentu oraz wyj\u0105tkowe opracowania i aran\u017cacje odkrywaj\u0105 przed s\u0142uchaczami zupe\u0142nie nowe doznania artystyczne. Repertuar duetu oparty jest przede wszystkim na pozycjach muzyki rozrywkowej, a improwizacja pe\u0142ni g\u0142\u00f3wn\u0105 rol\u0119 w kszta\u0142towaniu formy oraz bezpo\u015brednio wp\u0142ywa na ekspresj\u0119 wykonywanych utwor\u00f3w. Inspiracj\u0105 do powstania kompozycji i aran\u017cacji s\u0105 rozleg\u0142e upodobania stylistyczne akordeonist\u00f3w. W\u015br\u00f3d nich odnale\u017a\u0107 mo\u017cna wp\u0142ywy muzyki jazzowej, wsp\u00f3\u0142czesnej, folkloru czy muzyki \u015bwiata.<\/p>\n","protected":false},"excerpt":{"rendered":"<p>WRAcc Duo to projekt muzyczny, kt\u00f3ry tworz\u0105 Pawe\u0142 Wi\u015bniewski oraz Pawe\u0142 Ratajek \u2013 dwaj wyr\u00f3\u017cniaj\u0105cy si\u0119 akordeoni\u015bci m\u0142odego pokolenia. Innowacyjne podej\u015bcie do mo\u017cliwo\u015bci instrumentu oraz wyj\u0105tkowe opracowania i aran\u017cacje odkrywaj\u0105 przed s\u0142uchaczami zupe\u0142nie nowe doznania artystyczne. Repertuar duetu oparty jest przede wszystkim na pozycjach muzyki rozrywkowej, a improwizacja pe\u0142ni g\u0142\u00f3wn\u0105 rol\u0119 w kszta\u0142towaniu formy oraz &hellip; <a href=\"http:\/\/www.muzeum.diecezja.org\/muzeum\/koncert-wracc-duo-24-sierpnia-2023\/\" class=\"more-link\">Czytaj dalej <span class=\"screen-reader-text\">Koncert WRAcc Duo &#8211; 24 sierpnia 2023<\/span><\/a><\/p>\n","protected":false},"author":5,"featured_media":2321,"comment_status":"closed","ping_status":"open","sticky":false,"template":"","format":"standard","meta":[],"categories":[6,7,16],"tags":[],"_links":{"self":[{"href":"http:\/\/www.muzeum.diecezja.org\/muzeum\/wp-json\/wp\/v2\/posts\/2319"}],"collection":[{"href":"http:\/\/www.muzeum.diecezja.org\/muzeum\/wp-json\/wp\/v2\/posts"}],"about":[{"href":"http:\/\/www.muzeum.diecezja.org\/muzeum\/wp-json\/wp\/v2\/types\/post"}],"author":[{"embeddable":true,"href":"http:\/\/www.muzeum.diecezja.org\/muzeum\/wp-json\/wp\/v2\/users\/5"}],"replies":[{"embeddable":true,"href":"http:\/\/www.muzeum.diecezja.org\/muzeum\/wp-json\/wp\/v2\/comments?post=2319"}],"version-history":[{"count":4,"href":"http:\/\/www.muzeum.diecezja.org\/muzeum\/wp-json\/wp\/v2\/posts\/2319\/revisions"}],"predecessor-version":[{"id":2326,"href":"http:\/\/www.muzeum.diecezja.org\/muzeum\/wp-json\/wp\/v2\/posts\/2319\/revisions\/2326"}],"wp:featuredmedia":[{"embeddable":true,"href":"http:\/\/www.muzeum.diecezja.org\/muzeum\/wp-json\/wp\/v2\/media\/2321"}],"wp:attachment":[{"href":"http:\/\/www.muzeum.diecezja.org\/muzeum\/wp-json\/wp\/v2\/media?parent=2319"}],"wp:term":[{"taxonomy":"category","embeddable":true,"href":"http:\/\/www.muzeum.diecezja.org\/muzeum\/wp-json\/wp\/v2\/categories?post=2319"},{"taxonomy":"post_tag","embeddable":true,"href":"http:\/\/www.muzeum.diecezja.org\/muzeum\/wp-json\/wp\/v2\/tags?post=2319"}],"curies":[{"name":"wp","href":"https:\/\/api.w.org\/{rel}","templated":true}]}}