{"id":2335,"date":"2023-08-12T10:25:24","date_gmt":"2023-08-12T08:25:24","guid":{"rendered":"http:\/\/www.muzeum.diecezja.org\/muzeum\/?p=2335"},"modified":"2023-08-12T10:28:20","modified_gmt":"2023-08-12T08:28:20","slug":"relacja-koncert-czwartkowy-10-08-2023-r","status":"publish","type":"post","link":"http:\/\/www.muzeum.diecezja.org\/muzeum\/relacja-koncert-czwartkowy-10-08-2023-r\/","title":{"rendered":"Relacja &#8211; Koncert Czwartkowy 10.08.2023 r."},"content":{"rendered":"\t\t<div data-elementor-type=\"wp-post\" data-elementor-id=\"2335\" class=\"elementor elementor-2335\">\n\t\t\t\t\t\t<section class=\"elementor-section elementor-top-section elementor-element elementor-element-6164c6ed elementor-section-boxed elementor-section-height-default elementor-section-height-default\" data-id=\"6164c6ed\" data-element_type=\"section\">\n\t\t\t\t\t\t<div class=\"elementor-container elementor-column-gap-default\">\n\t\t\t\t\t<div class=\"elementor-column elementor-col-100 elementor-top-column elementor-element elementor-element-245f4af0\" data-id=\"245f4af0\" data-element_type=\"column\">\n\t\t\t<div class=\"elementor-widget-wrap elementor-element-populated\">\n\t\t\t\t\t\t<div class=\"elementor-element elementor-element-504a0215 elementor-widget elementor-widget-text-editor\" data-id=\"504a0215\" data-element_type=\"widget\" data-widget_type=\"text-editor.default\">\n\t\t\t\t<div class=\"elementor-widget-container\">\n\t\t\t<style>\/*! elementor - v3.23.0 - 05-08-2024 *\/\n.elementor-widget-text-editor.elementor-drop-cap-view-stacked .elementor-drop-cap{background-color:#69727d;color:#fff}.elementor-widget-text-editor.elementor-drop-cap-view-framed .elementor-drop-cap{color:#69727d;border:3px solid;background-color:transparent}.elementor-widget-text-editor:not(.elementor-drop-cap-view-default) .elementor-drop-cap{margin-top:8px}.elementor-widget-text-editor:not(.elementor-drop-cap-view-default) .elementor-drop-cap-letter{width:1em;height:1em}.elementor-widget-text-editor .elementor-drop-cap{float:left;text-align:center;line-height:1;font-size:50px}.elementor-widget-text-editor .elementor-drop-cap-letter{display:inline-block}<\/style>\t\t\t\t<h3>Dnia 10.08.2023 r. odby\u0142 si\u0119 kolejny KONCERT CZWARTKOWY w wykonaniu zespo\u0142u TODO ART TRIO w sk\u0142adzie: Gra\u017cyna Jursza \u2013 flet, Dariusz Jursza \u2013 klarnet i Dawid Smykowski \u2013 fagot.<\/h3>\nPan Tomasz Radimonas wprowadzi\u0142 go\u015bci w histori\u0119 KONCERT\u00d3W CZWARTKOWYCH oraz dokona\u0142 zapowiedzi wyst\u0119pu zespo\u0142u TODO ART TRIO.\n\nKONCERT CZWARTKOWY otworzy\u0142 Dyrektor Kociewskiego Centrum Kultury i Muzeum Diecezjalnego w Pelplinie ks. Krystian Feddek, kt\u00f3ry powita\u0142 wszystkich przyby\u0142ych go\u015bci.\nPodczas wieczoru go\u015bcie mieli przyjemno\u015b\u0107 wys\u0142ucha\u0107 nast\u0119puj\u0105cych utwor\u00f3w operowych:\nW.A. Mozart Divertimento na tematy z opery \u201eWesele Figara\u201d\nW.A. Mozart \u201eLa ci darem la mano\u201d z opery Don Giovanni\u201d\nW.A. Mozart Aria Papagena z opery \u201eCzarodziejski flet\u201d\nW.A. Mozart Aria Kr\u00f3lowej Nocy z opery \u201eCzarodziejski flet\u201d\nG, Verdi Wst\u0119p do opery Traviata\nG, Bizet Aria Nadria z opery \u201ePo\u0142awiacze pere\u0142\u201d\nG. Bizet fragmenty z opery \u201eCarmen\u201d\nG.S. Mayr Bagatelle\n\nKoncert poprzedzi\u0142 wyst\u0119p cz\u0142onkini zespo\u0142u &#8222;Gzuby z Pelpli\u0144skiej Dw\u00f3jki&#8221; Zuzanny Drewy &#8211; wiersz i piosenka w gwarze kociewskiej, przy akompaniamencie akordeonu &#8211; Wies\u0142awa Sikory i diabelskich skrzypiec \u2013 Katarzyny Bembenek.\n\nKONCERTY CZWARTKOWE realizowane i dofinansowane s\u0105 ze \u015brodk\u00f3w Ministra Kultury i Dziedzictwa Narodowego w ramach programu Narodowego Centrum Kultury EtnoPolska: Edycja 2023. Do projektu Dziedzictwo Kociewia.\t\t\t\t\t\t<\/div>\n\t\t\t\t<\/div>\n\t\t\t\t\t<\/div>\n\t\t<\/div>\n\t\t\t\t\t<\/div>\n\t\t<\/section>\n\t\t\t\t<section class=\"elementor-section elementor-top-section elementor-element elementor-element-85bf5d7 elementor-section-boxed elementor-section-height-default elementor-section-height-default\" data-id=\"85bf5d7\" data-element_type=\"section\">\n\t\t\t\t\t\t<div class=\"elementor-container elementor-column-gap-default\">\n\t\t\t\t\t<div class=\"elementor-column elementor-col-100 elementor-top-column elementor-element elementor-element-a4126eb\" data-id=\"a4126eb\" data-element_type=\"column\">\n\t\t\t<div class=\"elementor-widget-wrap elementor-element-populated\">\n\t\t\t\t\t\t<div class=\"elementor-element elementor-element-3b56bda elementor-widget elementor-widget-image-gallery\" data-id=\"3b56bda\" data-element_type=\"widget\" data-widget_type=\"image-gallery.default\">\n\t\t\t\t<div class=\"elementor-widget-container\">\n\t\t\t<style>\/*! elementor - v3.23.0 - 05-08-2024 *\/\n.elementor-image-gallery .gallery-item{display:inline-block;text-align:center;vertical-align:top;width:100%;max-width:100%;margin:0 auto}.elementor-image-gallery .gallery-item img{margin:0 auto}.elementor-image-gallery .gallery-item .gallery-caption{margin:0}.elementor-image-gallery figure img{display:block}.elementor-image-gallery figure figcaption{width:100%}.gallery-spacing-custom .elementor-image-gallery .gallery-icon{padding:0}@media (min-width:768px){.elementor-image-gallery .gallery-columns-2 .gallery-item{max-width:50%}.elementor-image-gallery .gallery-columns-3 .gallery-item{max-width:33.33%}.elementor-image-gallery .gallery-columns-4 .gallery-item{max-width:25%}.elementor-image-gallery .gallery-columns-5 .gallery-item{max-width:20%}.elementor-image-gallery .gallery-columns-6 .gallery-item{max-width:16.666%}.elementor-image-gallery .gallery-columns-7 .gallery-item{max-width:14.28%}.elementor-image-gallery .gallery-columns-8 .gallery-item{max-width:12.5%}.elementor-image-gallery .gallery-columns-9 .gallery-item{max-width:11.11%}.elementor-image-gallery .gallery-columns-10 .gallery-item{max-width:10%}}@media (min-width:480px) and (max-width:767px){.elementor-image-gallery .gallery.gallery-columns-2 .gallery-item,.elementor-image-gallery .gallery.gallery-columns-3 .gallery-item,.elementor-image-gallery .gallery.gallery-columns-4 .gallery-item,.elementor-image-gallery .gallery.gallery-columns-5 .gallery-item,.elementor-image-gallery .gallery.gallery-columns-6 .gallery-item,.elementor-image-gallery .gallery.gallery-columns-7 .gallery-item,.elementor-image-gallery .gallery.gallery-columns-8 .gallery-item,.elementor-image-gallery .gallery.gallery-columns-9 .gallery-item,.elementor-image-gallery .gallery.gallery-columns-10 .gallery-item{max-width:50%}}@media (max-width:479px){.elementor-image-gallery .gallery.gallery-columns-2 .gallery-item,.elementor-image-gallery .gallery.gallery-columns-3 .gallery-item,.elementor-image-gallery .gallery.gallery-columns-4 .gallery-item,.elementor-image-gallery .gallery.gallery-columns-5 .gallery-item,.elementor-image-gallery .gallery.gallery-columns-6 .gallery-item,.elementor-image-gallery .gallery.gallery-columns-7 .gallery-item,.elementor-image-gallery .gallery.gallery-columns-8 .gallery-item,.elementor-image-gallery .gallery.gallery-columns-9 .gallery-item,.elementor-image-gallery .gallery.gallery-columns-10 .gallery-item{max-width:100%}}<\/style>\t\t<div class=\"elementor-image-gallery\">\n\t\t\t<div id='gallery-1' class='gallery galleryid-2335 gallery-columns-3 gallery-size-thumbnail'><figure class='gallery-item'>\n\t\t\t<div class='gallery-icon landscape'>\n\t\t\t\t<a data-elementor-open-lightbox=\"yes\" data-elementor-lightbox-slideshow=\"3b56bda\" data-elementor-lightbox-title=\"366722617_668023248655580_8868324678732352654_n\" data-e-action-hash=\"#elementor-action%3Aaction%3Dlightbox%26settings%3DeyJpZCI6MjMzOSwidXJsIjoiaHR0cDpcL1wvd3d3Lm11emV1bS5kaWVjZXpqYS5vcmdcL211emV1bVwvd3AtY29udGVudFwvdXBsb2Fkc1wvMjAyM1wvMDhcLzM2NjcyMjYxN182NjgwMjMyNDg2NTU1ODBfODg2ODMyNDY3ODczMjM1MjY1NF9uLmpwZyIsInNsaWRlc2hvdyI6IjNiNTZiZGEifQ%3D%3D\" href='http:\/\/www.muzeum.diecezja.org\/muzeum\/wp-content\/uploads\/2023\/08\/366722617_668023248655580_8868324678732352654_n.jpg'><img width=\"200\" height=\"200\" src=\"http:\/\/www.muzeum.diecezja.org\/muzeum\/wp-content\/uploads\/2023\/08\/366722617_668023248655580_8868324678732352654_n-200x200.jpg\" class=\"attachment-thumbnail size-thumbnail\" alt=\"\" decoding=\"async\" \/><\/a>\n\t\t\t<\/div><\/figure><figure class='gallery-item'>\n\t\t\t<div class='gallery-icon landscape'>\n\t\t\t\t<a data-elementor-open-lightbox=\"yes\" data-elementor-lightbox-slideshow=\"3b56bda\" data-elementor-lightbox-title=\"366838635_668023408655564_4189222301565866646_n\" data-e-action-hash=\"#elementor-action%3Aaction%3Dlightbox%26settings%3DeyJpZCI6MjM0MiwidXJsIjoiaHR0cDpcL1wvd3d3Lm11emV1bS5kaWVjZXpqYS5vcmdcL211emV1bVwvd3AtY29udGVudFwvdXBsb2Fkc1wvMjAyM1wvMDhcLzM2NjgzODYzNV82NjgwMjM0MDg2NTU1NjRfNDE4OTIyMjMwMTU2NTg2NjY0Nl9uLmpwZyIsInNsaWRlc2hvdyI6IjNiNTZiZGEifQ%3D%3D\" href='http:\/\/www.muzeum.diecezja.org\/muzeum\/wp-content\/uploads\/2023\/08\/366838635_668023408655564_4189222301565866646_n.jpg'><img width=\"200\" height=\"200\" src=\"http:\/\/www.muzeum.diecezja.org\/muzeum\/wp-content\/uploads\/2023\/08\/366838635_668023408655564_4189222301565866646_n-200x200.jpg\" class=\"attachment-thumbnail size-thumbnail\" alt=\"\" decoding=\"async\" \/><\/a>\n\t\t\t<\/div><\/figure><figure class='gallery-item'>\n\t\t\t<div class='gallery-icon landscape'>\n\t\t\t\t<a data-elementor-open-lightbox=\"yes\" data-elementor-lightbox-slideshow=\"3b56bda\" data-elementor-lightbox-title=\"366741289_668023858655519_7700675490370344871_n\" data-e-action-hash=\"#elementor-action%3Aaction%3Dlightbox%26settings%3DeyJpZCI6MjM0MCwidXJsIjoiaHR0cDpcL1wvd3d3Lm11emV1bS5kaWVjZXpqYS5vcmdcL211emV1bVwvd3AtY29udGVudFwvdXBsb2Fkc1wvMjAyM1wvMDhcLzM2Njc0MTI4OV82NjgwMjM4NTg2NTU1MTlfNzcwMDY3NTQ5MDM3MDM0NDg3MV9uLmpwZyIsInNsaWRlc2hvdyI6IjNiNTZiZGEifQ%3D%3D\" href='http:\/\/www.muzeum.diecezja.org\/muzeum\/wp-content\/uploads\/2023\/08\/366741289_668023858655519_7700675490370344871_n.jpg'><img width=\"200\" height=\"200\" src=\"http:\/\/www.muzeum.diecezja.org\/muzeum\/wp-content\/uploads\/2023\/08\/366741289_668023858655519_7700675490370344871_n-200x200.jpg\" class=\"attachment-thumbnail size-thumbnail\" alt=\"\" decoding=\"async\" \/><\/a>\n\t\t\t<\/div><\/figure><figure class='gallery-item'>\n\t\t\t<div class='gallery-icon landscape'>\n\t\t\t\t<a data-elementor-open-lightbox=\"yes\" data-elementor-lightbox-slideshow=\"3b56bda\" data-elementor-lightbox-title=\"366580016_668023841988854_1302568307948037382_n\" data-e-action-hash=\"#elementor-action%3Aaction%3Dlightbox%26settings%3DeyJpZCI6MjMzNiwidXJsIjoiaHR0cDpcL1wvd3d3Lm11emV1bS5kaWVjZXpqYS5vcmdcL211emV1bVwvd3AtY29udGVudFwvdXBsb2Fkc1wvMjAyM1wvMDhcLzM2NjU4MDAxNl82NjgwMjM4NDE5ODg4NTRfMTMwMjU2ODMwNzk0ODAzNzM4Ml9uLmpwZyIsInNsaWRlc2hvdyI6IjNiNTZiZGEifQ%3D%3D\" href='http:\/\/www.muzeum.diecezja.org\/muzeum\/wp-content\/uploads\/2023\/08\/366580016_668023841988854_1302568307948037382_n.jpg'><img loading=\"lazy\" width=\"200\" height=\"200\" src=\"http:\/\/www.muzeum.diecezja.org\/muzeum\/wp-content\/uploads\/2023\/08\/366580016_668023841988854_1302568307948037382_n-200x200.jpg\" class=\"attachment-thumbnail size-thumbnail\" alt=\"\" decoding=\"async\" \/><\/a>\n\t\t\t<\/div><\/figure><figure class='gallery-item'>\n\t\t\t<div class='gallery-icon landscape'>\n\t\t\t\t<a data-elementor-open-lightbox=\"yes\" data-elementor-lightbox-slideshow=\"3b56bda\" data-elementor-lightbox-title=\"366935768_668023608655544_8542891677018636266_n\" data-e-action-hash=\"#elementor-action%3Aaction%3Dlightbox%26settings%3DeyJpZCI6MjM0NSwidXJsIjoiaHR0cDpcL1wvd3d3Lm11emV1bS5kaWVjZXpqYS5vcmdcL211emV1bVwvd3AtY29udGVudFwvdXBsb2Fkc1wvMjAyM1wvMDhcLzM2NjkzNTc2OF82NjgwMjM2MDg2NTU1NDRfODU0Mjg5MTY3NzAxODYzNjI2Nl9uLmpwZyIsInNsaWRlc2hvdyI6IjNiNTZiZGEifQ%3D%3D\" href='http:\/\/www.muzeum.diecezja.org\/muzeum\/wp-content\/uploads\/2023\/08\/366935768_668023608655544_8542891677018636266_n.jpg'><img loading=\"lazy\" width=\"200\" height=\"200\" src=\"http:\/\/www.muzeum.diecezja.org\/muzeum\/wp-content\/uploads\/2023\/08\/366935768_668023608655544_8542891677018636266_n-200x200.jpg\" class=\"attachment-thumbnail size-thumbnail\" alt=\"\" decoding=\"async\" \/><\/a>\n\t\t\t<\/div><\/figure><figure class='gallery-item'>\n\t\t\t<div class='gallery-icon landscape'>\n\t\t\t\t<a data-elementor-open-lightbox=\"yes\" data-elementor-lightbox-slideshow=\"3b56bda\" data-elementor-lightbox-title=\"366901960_668023545322217_5654143307712096908_n\" data-e-action-hash=\"#elementor-action%3Aaction%3Dlightbox%26settings%3DeyJpZCI6MjM0MywidXJsIjoiaHR0cDpcL1wvd3d3Lm11emV1bS5kaWVjZXpqYS5vcmdcL211emV1bVwvd3AtY29udGVudFwvdXBsb2Fkc1wvMjAyM1wvMDhcLzM2NjkwMTk2MF82NjgwMjM1NDUzMjIyMTdfNTY1NDE0MzMwNzcxMjA5NjkwOF9uLmpwZyIsInNsaWRlc2hvdyI6IjNiNTZiZGEifQ%3D%3D\" href='http:\/\/www.muzeum.diecezja.org\/muzeum\/wp-content\/uploads\/2023\/08\/366901960_668023545322217_5654143307712096908_n.jpg'><img loading=\"lazy\" width=\"200\" height=\"200\" src=\"http:\/\/www.muzeum.diecezja.org\/muzeum\/wp-content\/uploads\/2023\/08\/366901960_668023545322217_5654143307712096908_n-200x200.jpg\" class=\"attachment-thumbnail size-thumbnail\" alt=\"\" decoding=\"async\" \/><\/a>\n\t\t\t<\/div><\/figure><figure class='gallery-item'>\n\t\t\t<div class='gallery-icon landscape'>\n\t\t\t\t<a data-elementor-open-lightbox=\"yes\" data-elementor-lightbox-slideshow=\"3b56bda\" data-elementor-lightbox-title=\"366692083_668023945322177_225071321291792211_n\" data-e-action-hash=\"#elementor-action%3Aaction%3Dlightbox%26settings%3DeyJpZCI6MjMzOCwidXJsIjoiaHR0cDpcL1wvd3d3Lm11emV1bS5kaWVjZXpqYS5vcmdcL211emV1bVwvd3AtY29udGVudFwvdXBsb2Fkc1wvMjAyM1wvMDhcLzM2NjY5MjA4M182NjgwMjM5NDUzMjIxNzdfMjI1MDcxMzIxMjkxNzkyMjExX24uanBnIiwic2xpZGVzaG93IjoiM2I1NmJkYSJ9\" href='http:\/\/www.muzeum.diecezja.org\/muzeum\/wp-content\/uploads\/2023\/08\/366692083_668023945322177_225071321291792211_n.jpg'><img loading=\"lazy\" width=\"200\" height=\"200\" src=\"http:\/\/www.muzeum.diecezja.org\/muzeum\/wp-content\/uploads\/2023\/08\/366692083_668023945322177_225071321291792211_n-200x200.jpg\" class=\"attachment-thumbnail size-thumbnail\" alt=\"\" decoding=\"async\" \/><\/a>\n\t\t\t<\/div><\/figure><figure class='gallery-item'>\n\t\t\t<div class='gallery-icon landscape'>\n\t\t\t\t<a data-elementor-open-lightbox=\"yes\" data-elementor-lightbox-slideshow=\"3b56bda\" data-elementor-lightbox-title=\"366929916_668024361988802_2576984784576292643_n\" data-e-action-hash=\"#elementor-action%3Aaction%3Dlightbox%26settings%3DeyJpZCI6MjM0NCwidXJsIjoiaHR0cDpcL1wvd3d3Lm11emV1bS5kaWVjZXpqYS5vcmdcL211emV1bVwvd3AtY29udGVudFwvdXBsb2Fkc1wvMjAyM1wvMDhcLzM2NjkyOTkxNl82NjgwMjQzNjE5ODg4MDJfMjU3Njk4NDc4NDU3NjI5MjY0M19uLmpwZyIsInNsaWRlc2hvdyI6IjNiNTZiZGEifQ%3D%3D\" href='http:\/\/www.muzeum.diecezja.org\/muzeum\/wp-content\/uploads\/2023\/08\/366929916_668024361988802_2576984784576292643_n.jpg'><img loading=\"lazy\" width=\"200\" height=\"200\" src=\"http:\/\/www.muzeum.diecezja.org\/muzeum\/wp-content\/uploads\/2023\/08\/366929916_668024361988802_2576984784576292643_n-200x200.jpg\" class=\"attachment-thumbnail size-thumbnail\" alt=\"\" decoding=\"async\" \/><\/a>\n\t\t\t<\/div><\/figure><figure class='gallery-item'>\n\t\t\t<div class='gallery-icon landscape'>\n\t\t\t\t<a data-elementor-open-lightbox=\"yes\" data-elementor-lightbox-slideshow=\"3b56bda\" data-elementor-lightbox-title=\"366957476_668023681988870_586651135730429745_n\" data-e-action-hash=\"#elementor-action%3Aaction%3Dlightbox%26settings%3DeyJpZCI6MjM0NiwidXJsIjoiaHR0cDpcL1wvd3d3Lm11emV1bS5kaWVjZXpqYS5vcmdcL211emV1bVwvd3AtY29udGVudFwvdXBsb2Fkc1wvMjAyM1wvMDhcLzM2Njk1NzQ3Nl82NjgwMjM2ODE5ODg4NzBfNTg2NjUxMTM1NzMwNDI5NzQ1X24uanBnIiwic2xpZGVzaG93IjoiM2I1NmJkYSJ9\" href='http:\/\/www.muzeum.diecezja.org\/muzeum\/wp-content\/uploads\/2023\/08\/366957476_668023681988870_586651135730429745_n.jpg'><img loading=\"lazy\" width=\"200\" height=\"200\" src=\"http:\/\/www.muzeum.diecezja.org\/muzeum\/wp-content\/uploads\/2023\/08\/366957476_668023681988870_586651135730429745_n-200x200.jpg\" class=\"attachment-thumbnail size-thumbnail\" alt=\"\" decoding=\"async\" \/><\/a>\n\t\t\t<\/div><\/figure><figure class='gallery-item'>\n\t\t\t<div class='gallery-icon landscape'>\n\t\t\t\t<a data-elementor-open-lightbox=\"yes\" data-elementor-lightbox-slideshow=\"3b56bda\" data-elementor-lightbox-title=\"366814987_668023801988858_4799844389868488029_n\" data-e-action-hash=\"#elementor-action%3Aaction%3Dlightbox%26settings%3DeyJpZCI6MjM0MSwidXJsIjoiaHR0cDpcL1wvd3d3Lm11emV1bS5kaWVjZXpqYS5vcmdcL211emV1bVwvd3AtY29udGVudFwvdXBsb2Fkc1wvMjAyM1wvMDhcLzM2NjgxNDk4N182NjgwMjM4MDE5ODg4NThfNDc5OTg0NDM4OTg2ODQ4ODAyOV9uLmpwZyIsInNsaWRlc2hvdyI6IjNiNTZiZGEifQ%3D%3D\" href='http:\/\/www.muzeum.diecezja.org\/muzeum\/wp-content\/uploads\/2023\/08\/366814987_668023801988858_4799844389868488029_n.jpg'><img loading=\"lazy\" width=\"200\" height=\"200\" src=\"http:\/\/www.muzeum.diecezja.org\/muzeum\/wp-content\/uploads\/2023\/08\/366814987_668023801988858_4799844389868488029_n-200x200.jpg\" class=\"attachment-thumbnail size-thumbnail\" alt=\"\" decoding=\"async\" \/><\/a>\n\t\t\t<\/div><\/figure><figure class='gallery-item'>\n\t\t\t<div class='gallery-icon landscape'>\n\t\t\t\t<a data-elementor-open-lightbox=\"yes\" data-elementor-lightbox-slideshow=\"3b56bda\" data-elementor-lightbox-title=\"366663508_668025255322046_1001329394990987497_n\" data-e-action-hash=\"#elementor-action%3Aaction%3Dlightbox%26settings%3DeyJpZCI6MjMzNywidXJsIjoiaHR0cDpcL1wvd3d3Lm11emV1bS5kaWVjZXpqYS5vcmdcL211emV1bVwvd3AtY29udGVudFwvdXBsb2Fkc1wvMjAyM1wvMDhcLzM2NjY2MzUwOF82NjgwMjUyNTUzMjIwNDZfMTAwMTMyOTM5NDk5MDk4NzQ5N19uLmpwZyIsInNsaWRlc2hvdyI6IjNiNTZiZGEifQ%3D%3D\" href='http:\/\/www.muzeum.diecezja.org\/muzeum\/wp-content\/uploads\/2023\/08\/366663508_668025255322046_1001329394990987497_n.jpg'><img loading=\"lazy\" width=\"200\" height=\"200\" src=\"http:\/\/www.muzeum.diecezja.org\/muzeum\/wp-content\/uploads\/2023\/08\/366663508_668025255322046_1001329394990987497_n-200x200.jpg\" class=\"attachment-thumbnail size-thumbnail\" alt=\"\" decoding=\"async\" \/><\/a>\n\t\t\t<\/div><\/figure>\n\t\t<\/div>\n\t\t<\/div>\n\t\t\t\t<\/div>\n\t\t\t\t<\/div>\n\t\t\t\t\t<\/div>\n\t\t<\/div>\n\t\t\t\t\t<\/div>\n\t\t<\/section>\n\t\t\t\t<\/div>\n\t\t","protected":false},"excerpt":{"rendered":"<p>Dnia 10.08.2023 r. odby\u0142 si\u0119 kolejny KONCERT CZWARTKOWY w wykonaniu zespo\u0142u TODO ART TRIO w sk\u0142adzie: Gra\u017cyna Jursza \u2013 flet, Dariusz Jursza \u2013 klarnet i Dawid Smykowski \u2013 fagot. Pan Tomasz Radimonas wprowadzi\u0142 go\u015bci w histori\u0119 KONCERT\u00d3W CZWARTKOWYCH oraz dokona\u0142 zapowiedzi wyst\u0119pu zespo\u0142u TODO ART TRIO. KONCERT CZWARTKOWY otworzy\u0142 Dyrektor Kociewskiego Centrum Kultury i Muzeum &hellip; <a href=\"http:\/\/www.muzeum.diecezja.org\/muzeum\/relacja-koncert-czwartkowy-10-08-2023-r\/\" class=\"more-link\">Czytaj dalej <span class=\"screen-reader-text\">Relacja &#8211; Koncert Czwartkowy 10.08.2023 r.<\/span><\/a><\/p>\n","protected":false},"author":5,"featured_media":2337,"comment_status":"closed","ping_status":"open","sticky":false,"template":"","format":"standard","meta":[],"categories":[6,7,16],"tags":[],"_links":{"self":[{"href":"http:\/\/www.muzeum.diecezja.org\/muzeum\/wp-json\/wp\/v2\/posts\/2335"}],"collection":[{"href":"http:\/\/www.muzeum.diecezja.org\/muzeum\/wp-json\/wp\/v2\/posts"}],"about":[{"href":"http:\/\/www.muzeum.diecezja.org\/muzeum\/wp-json\/wp\/v2\/types\/post"}],"author":[{"embeddable":true,"href":"http:\/\/www.muzeum.diecezja.org\/muzeum\/wp-json\/wp\/v2\/users\/5"}],"replies":[{"embeddable":true,"href":"http:\/\/www.muzeum.diecezja.org\/muzeum\/wp-json\/wp\/v2\/comments?post=2335"}],"version-history":[{"count":7,"href":"http:\/\/www.muzeum.diecezja.org\/muzeum\/wp-json\/wp\/v2\/posts\/2335\/revisions"}],"predecessor-version":[{"id":2354,"href":"http:\/\/www.muzeum.diecezja.org\/muzeum\/wp-json\/wp\/v2\/posts\/2335\/revisions\/2354"}],"wp:featuredmedia":[{"embeddable":true,"href":"http:\/\/www.muzeum.diecezja.org\/muzeum\/wp-json\/wp\/v2\/media\/2337"}],"wp:attachment":[{"href":"http:\/\/www.muzeum.diecezja.org\/muzeum\/wp-json\/wp\/v2\/media?parent=2335"}],"wp:term":[{"taxonomy":"category","embeddable":true,"href":"http:\/\/www.muzeum.diecezja.org\/muzeum\/wp-json\/wp\/v2\/categories?post=2335"},{"taxonomy":"post_tag","embeddable":true,"href":"http:\/\/www.muzeum.diecezja.org\/muzeum\/wp-json\/wp\/v2\/tags?post=2335"}],"curies":[{"name":"wp","href":"https:\/\/api.w.org\/{rel}","templated":true}]}}