{"id":2529,"date":"2023-12-20T14:48:36","date_gmt":"2023-12-20T13:48:36","guid":{"rendered":"http:\/\/www.muzeum.diecezja.org\/muzeum\/?p=2529"},"modified":"2023-12-20T14:49:42","modified_gmt":"2023-12-20T13:49:42","slug":"zyczenia-swiateczne","status":"publish","type":"post","link":"http:\/\/www.muzeum.diecezja.org\/muzeum\/zyczenia-swiateczne\/","title":{"rendered":"\u017byczenia \u015bwi\u0105teczne"},"content":{"rendered":"<p><img fetchpriority=\"high\" decoding=\"async\" class=\"alignnone size-full wp-image-2530\" src=\"http:\/\/www.muzeum.diecezja.org\/muzeum\/wp-content\/uploads\/2023\/12\/zyczenia-na-strony.png\" alt=\"\" width=\"1748\" height=\"1240\" srcset=\"http:\/\/www.muzeum.diecezja.org\/muzeum\/wp-content\/uploads\/2023\/12\/zyczenia-na-strony.png 1748w, http:\/\/www.muzeum.diecezja.org\/muzeum\/wp-content\/uploads\/2023\/12\/zyczenia-na-strony-300x213.png 300w, http:\/\/www.muzeum.diecezja.org\/muzeum\/wp-content\/uploads\/2023\/12\/zyczenia-na-strony-254x180.png 254w, http:\/\/www.muzeum.diecezja.org\/muzeum\/wp-content\/uploads\/2023\/12\/zyczenia-na-strony-768x545.png 768w, http:\/\/www.muzeum.diecezja.org\/muzeum\/wp-content\/uploads\/2023\/12\/zyczenia-na-strony-1536x1090.png 1536w\" sizes=\"(max-width: 1748px) 100vw, 1748px\" \/><\/p>\n","protected":false},"excerpt":{"rendered":"","protected":false},"author":5,"featured_media":2530,"comment_status":"closed","ping_status":"open","sticky":false,"template":"","format":"standard","meta":[],"categories":[6,7],"tags":[],"_links":{"self":[{"href":"http:\/\/www.muzeum.diecezja.org\/muzeum\/wp-json\/wp\/v2\/posts\/2529"}],"collection":[{"href":"http:\/\/www.muzeum.diecezja.org\/muzeum\/wp-json\/wp\/v2\/posts"}],"about":[{"href":"http:\/\/www.muzeum.diecezja.org\/muzeum\/wp-json\/wp\/v2\/types\/post"}],"author":[{"embeddable":true,"href":"http:\/\/www.muzeum.diecezja.org\/muzeum\/wp-json\/wp\/v2\/users\/5"}],"replies":[{"embeddable":true,"href":"http:\/\/www.muzeum.diecezja.org\/muzeum\/wp-json\/wp\/v2\/comments?post=2529"}],"version-history":[{"count":2,"href":"http:\/\/www.muzeum.diecezja.org\/muzeum\/wp-json\/wp\/v2\/posts\/2529\/revisions"}],"predecessor-version":[{"id":2532,"href":"http:\/\/www.muzeum.diecezja.org\/muzeum\/wp-json\/wp\/v2\/posts\/2529\/revisions\/2532"}],"wp:featuredmedia":[{"embeddable":true,"href":"http:\/\/www.muzeum.diecezja.org\/muzeum\/wp-json\/wp\/v2\/media\/2530"}],"wp:attachment":[{"href":"http:\/\/www.muzeum.diecezja.org\/muzeum\/wp-json\/wp\/v2\/media?parent=2529"}],"wp:term":[{"taxonomy":"category","embeddable":true,"href":"http:\/\/www.muzeum.diecezja.org\/muzeum\/wp-json\/wp\/v2\/categories?post=2529"},{"taxonomy":"post_tag","embeddable":true,"href":"http:\/\/www.muzeum.diecezja.org\/muzeum\/wp-json\/wp\/v2\/tags?post=2529"}],"curies":[{"name":"wp","href":"https:\/\/api.w.org\/{rel}","templated":true}]}}