{"id":2710,"date":"2024-05-26T14:22:46","date_gmt":"2024-05-26T12:22:46","guid":{"rendered":"http:\/\/www.muzeum.diecezja.org\/muzeum\/?p=2710"},"modified":"2024-05-26T14:22:46","modified_gmt":"2024-05-26T12:22:46","slug":"muzeum-nieczynne-w-uroczystosc-bozego-ciala","status":"publish","type":"post","link":"http:\/\/www.muzeum.diecezja.org\/muzeum\/muzeum-nieczynne-w-uroczystosc-bozego-ciala\/","title":{"rendered":"Muzeum nieczynne w uroczysto\u015b\u0107 Bo\u017cego Cia\u0142a"},"content":{"rendered":"<p><img fetchpriority=\"high\" decoding=\"async\" class=\"alignnone size-full wp-image-2711\" src=\"http:\/\/www.muzeum.diecezja.org\/muzeum\/wp-content\/uploads\/2024\/05\/Szanowni-panstwo.png\" alt=\"\" width=\"1748\" height=\"1240\" srcset=\"http:\/\/www.muzeum.diecezja.org\/muzeum\/wp-content\/uploads\/2024\/05\/Szanowni-panstwo.png 1748w, http:\/\/www.muzeum.diecezja.org\/muzeum\/wp-content\/uploads\/2024\/05\/Szanowni-panstwo-300x213.png 300w, http:\/\/www.muzeum.diecezja.org\/muzeum\/wp-content\/uploads\/2024\/05\/Szanowni-panstwo-254x180.png 254w, http:\/\/www.muzeum.diecezja.org\/muzeum\/wp-content\/uploads\/2024\/05\/Szanowni-panstwo-768x545.png 768w, http:\/\/www.muzeum.diecezja.org\/muzeum\/wp-content\/uploads\/2024\/05\/Szanowni-panstwo-1536x1090.png 1536w\" sizes=\"(max-width: 1748px) 100vw, 1748px\" \/><\/p>\n","protected":false},"excerpt":{"rendered":"","protected":false},"author":5,"featured_media":2450,"comment_status":"closed","ping_status":"open","sticky":false,"template":"","format":"standard","meta":[],"categories":[6,7],"tags":[],"_links":{"self":[{"href":"http:\/\/www.muzeum.diecezja.org\/muzeum\/wp-json\/wp\/v2\/posts\/2710"}],"collection":[{"href":"http:\/\/www.muzeum.diecezja.org\/muzeum\/wp-json\/wp\/v2\/posts"}],"about":[{"href":"http:\/\/www.muzeum.diecezja.org\/muzeum\/wp-json\/wp\/v2\/types\/post"}],"author":[{"embeddable":true,"href":"http:\/\/www.muzeum.diecezja.org\/muzeum\/wp-json\/wp\/v2\/users\/5"}],"replies":[{"embeddable":true,"href":"http:\/\/www.muzeum.diecezja.org\/muzeum\/wp-json\/wp\/v2\/comments?post=2710"}],"version-history":[{"count":1,"href":"http:\/\/www.muzeum.diecezja.org\/muzeum\/wp-json\/wp\/v2\/posts\/2710\/revisions"}],"predecessor-version":[{"id":2712,"href":"http:\/\/www.muzeum.diecezja.org\/muzeum\/wp-json\/wp\/v2\/posts\/2710\/revisions\/2712"}],"wp:featuredmedia":[{"embeddable":true,"href":"http:\/\/www.muzeum.diecezja.org\/muzeum\/wp-json\/wp\/v2\/media\/2450"}],"wp:attachment":[{"href":"http:\/\/www.muzeum.diecezja.org\/muzeum\/wp-json\/wp\/v2\/media?parent=2710"}],"wp:term":[{"taxonomy":"category","embeddable":true,"href":"http:\/\/www.muzeum.diecezja.org\/muzeum\/wp-json\/wp\/v2\/categories?post=2710"},{"taxonomy":"post_tag","embeddable":true,"href":"http:\/\/www.muzeum.diecezja.org\/muzeum\/wp-json\/wp\/v2\/tags?post=2710"}],"curies":[{"name":"wp","href":"https:\/\/api.w.org\/{rel}","templated":true}]}}