{"id":2765,"date":"2024-10-08T12:02:28","date_gmt":"2024-10-08T10:02:28","guid":{"rendered":"http:\/\/www.muzeum.diecezja.org\/muzeum\/?p=2765"},"modified":"2024-10-16T09:58:59","modified_gmt":"2024-10-16T07:58:59","slug":"memento-30-lecie-tworczosci-jaroslawa-kukowskiego-zapowiedz","status":"publish","type":"post","link":"http:\/\/www.muzeum.diecezja.org\/muzeum\/memento-30-lecie-tworczosci-jaroslawa-kukowskiego-zapowiedz\/","title":{"rendered":"MEMENTO\u2026 30-lecie tw\u00f3rczo\u015bci Jaros\u0142awa Kukowskiego &#8211; Zapowied\u017a"},"content":{"rendered":"<p>Ju\u017c 17 pa\u017adziernika o godz. 19:30 zapraszamy serdecznie do Muzeum Diecezjalnego w Pelplinie na wernisa\u017c wyj\u0105tkowej wystawy <strong>&#8222;MEMENTO\u2026 30 lecie tw\u00f3rczo\u015bci Jaros\u0142awa Kukowskiego<\/strong>\u2019\u2019.<\/p>\n<p>Wernisa\u017c wzbogaci koncert maryjny <strong>&#8221;Ave Maria w muzyce&#8221;<\/strong>, kt\u00f3ry doda wydarzeniu wyj\u0105tkowego klimatu. Us\u0142yszymy utwory maryjne kompozytor\u00f3w : m.in. Fr. Schuberta, A. Mozarta, L. Perosiego, O. \u017bukowskiego, G. Cacciniego i innych.<\/p>\n<p>Wykonawcy: Agata Glejt -mezzosopran, Klaudiusz Ros\u00f3\u0142 &#8211; skrzypce, Tomasz Radimonas &#8211; tenor, fortepian.<\/p>\n<p><strong>Nie przegapcie tego niezwyk\u0142ego wydarzenia \u2013 serdecznie zapraszamy!<\/strong><\/p>\n<p><strong>Jaros\u0142aw Kukowski (ur. 11 kwietnia 1972 w Tczewie)<\/strong> \u2013 polski malarz wsp\u00f3\u0142czesny, designer, juror mi\u0119dzynarodowych konkurs\u00f3w artystycznych. Jest uznawany za jednego z najbardziej wp\u0142ywowych wsp\u00f3\u0142czesnych tw\u00f3rc\u00f3w z kr\u0119gu surrealist\u00f3w. Od 20 lat prowadzi w\u0142asn\u0105 szko\u0142\u0119 malarstwa, a jego uczniowie osi\u0105gaj\u0105 znacz\u0105ce sukcesy na rynku wystawienniczym, prezentuj\u0105c swoje prace w galeriach oraz muzeach, polskich i zagranicznych. Organizator wielu wystaw zbiorowych oraz plener\u00f3w malarskich.\u00a0Odznaczony odznak\u0105 honorow\u0105 \u201eZas\u0142u\u017cony dla Kultury Polskiej\u201d.<\/p>\n<p>&nbsp;<\/p>\n<p><strong>Lista wystaw:<\/strong><\/p>\n<p>2024 \u2013Mira\u017ce \u2013 SGS Sopot (kurator wystawy, komisarz pleneru: Jaros\u0142aw Kukowski)<br \/>\n2024 \u2013Museum im Schafstall KUKOWSKI und seine Sch\u00fcler<br \/>\n2023 \u2013Tczew Fabryka Sztuk<br \/>\n2023 \u2013Synergia Sopocki Dom Aukcyjny (kurator wystawy, komisarz pleneru: Jaros\u0142aw Kukowski)<br \/>\n2023 \u2013Pa\u0142ac W Sannikach \u201eS\u0105 sny \u015bnione wsp\u00f3lnie\u201d<br \/>\n2023\u00a0\u2013Jaros\u0142aw Kukowski i uczniowie, Muzeum im. Jana Kasprowicza, Inowroc\u0142aw<br \/>\n2023\u00a0\u2013Olbi\u0144ski \u2013 S\u0119towski \u2013 Kukowski \u2013 Tichauer Art Gallery<br \/>\n2022\u00a0\u2013Galeria Quantum &amp; Galerie la Maison Juste, Pary\u017c<br \/>\n2022 -Muzeum Jacka Malczewskiego w Radomiu<br \/>\n2021\u00a0\u2013Ambasada RP w Bangkoku wystawa zbiorowa<br \/>\n2021 \u2013 Muzeum Regionalne w Siedlcach<br \/>\n2020 \u2013\u00a0Pa\u0144stwowa Galeria Sztuki w Sopocie<br \/>\n2020 \u2013 Pa\u0142ac Rembieli\u0144skiego w Warszawie<br \/>\n2020 \u2013\u00a0Galeria Sztuki Zamek w Szczecinku<br \/>\n2020 \u2013 ECK Pa\u0142ac w Sannikach<br \/>\n2019 \u2013 Luwr, Pary\u017c, Francja<br \/>\n2019 \u2013 Muzeum Architektury we Wroc\u0142awiu<br \/>\n2019 \u2013 NCK Ratusz Staromiejski, Gda\u0144sk<br \/>\n2019 \u2013 Centrum Kultury Browar B. we W\u0142oc\u0142awku<br \/>\n2019 \u2013 Tczew, Fabryka Sztuk<br \/>\n2019 \u2013 Muzeum Regionalne we Wrze\u015bni<br \/>\n2019 \u2013\u00a0Galeria Sztuki Wsp\u00f3\u0142czesnej w Ko\u0142obrzegu<br \/>\n2018 \u2013 Muzeum im. Jacka Malczewskiego w Radomiu<br \/>\n2018 \u2013 Dreamscapes Exhibition, Traun, Austria<br \/>\n2018 \u2013 Europejskie Centrum Sztuki w Bia\u0142ymstoku, Opera i Filharmonia Podlaska, Polska<br \/>\n2018 \u2013\u00a0Filharmonia Kaszubska, Wejherowo<br \/>\n2018 \u2013\u00a0\u201eJaros\u0142aw Kukowski i uczniowie\u201d Galeria Miejska we Wroc\u0142awiu<br \/>\n2018 \u2013\u00a0Muzeum w Grudzi\u0105dzu, Polska<br \/>\n2018 \u2013 NCK Ratusz Staromiejski, Gda\u0144sk, Polska<br \/>\n2017 \u2013 ZACH\u0118TA Narodowa Galeria Sztuki, Warszawa, Polska<br \/>\n2017 \u2013 Galeria Quantum, Warszawa, Polska<br \/>\n2017 \u2013 NCK Ratusz Staromiejski, Gda\u0144sk, Polska<br \/>\n2017 \u2013 Galeria Sztuki Wsp\u00f3\u0142czesnej, W\u0142oc\u0142awek, Polska<br \/>\n2016 \u2013 Muzeum Miasta Gda\u0144ska, Polska<br \/>\n2016 \u2013 Rzesz\u00f3w, Filharmonia Podkarpacka im. Artura Malawskiego, Polska<br \/>\n2016 \u2013 Katowice Galeria Sztuki Wsp\u00f3\u0142czesnej BWA, Polska<br \/>\n2016 \u2013 Warszawa Centrum Promocji Kultury Praga, Polska<br \/>\n2016 \u2013 Wroc\u0142aw, Galeria Miejska, Polska<br \/>\n2016 \u2013 Zielona G\u00f3ra, Galeria PRO ARTE<br \/>\n2016 \u2013 Wolnzach, Hopfenmuseum, Niemcy<br \/>\n2015 \u2013 ZACH\u0118TA Narodowa Galeria Sztuki, Warszawa, Polska<br \/>\n2015 \u2013 Tczew, Fabryka Sztuk, Polska<br \/>\n2015 \u2013 Muzeum Miejskie, Wroc\u0142aw, Polska<br \/>\n2015 \u2013 Bator Galeria, Szczyrk, Polska<br \/>\n2015 \u2013 \u201eGeysers of Subconsciousness\u201d Ka\u0142uga, Rosja<br \/>\n2015 \u2013 Galeria Quantum, Warszawa, Polska<br \/>\n2014 \u2013 Muzeum Historyczne Miasta Gda\u0144sk, Polska<br \/>\n2014 \u2013 Galeria Sztuki Wsp\u00f3\u0142czesnej BWA w Katowicach, Polska<br \/>\n2014 \u2013 Millenium Hall w Rzeszowie, Polska<br \/>\n2014 \u2013 Dom Artysty Plastyka, Warszawa, Polska<br \/>\n2014 \u2013 Muzeum Diecezjalne, Pelplin, Polska<br \/>\n2014 \u2013 V.A. Gallery Poland, Pozna\u0144<br \/>\n2013 \u2013 ZACH\u0118TA Narodowa Galeria Sztuki Warszawa, Polska<br \/>\n2013 \u2013 Muzeum Miejskie we Wroc\u0142awiu, Polska<br \/>\n2013 \u2013 Galeria Sztuki Wsp\u00f3\u0142czesnej, Ko\u0142obrzeg, Polska<br \/>\n2012 \u2013 Millenium Hall, Rzesz\u00f3w, Polska<br \/>\n2012 \u2013 Galeria Sztuki Wsp\u00f3\u0142czesnej, Ko\u0142obrzeg, Polska<br \/>\n2012 \u2013 MOK, Gniezno, Polska<br \/>\n2012 \u2013 Beskidzka Galeria Sztuki, Szczyrk, Polska<br \/>\n2012 \u2013 Galeria Sztuki Wsp\u00f3\u0142czesnej, W\u0142oc\u0142awek, Polska<br \/>\n2012 \u2013 Galeria Sztuki Wsp\u00f3\u0142czesnej BWA, Katowice, Polska<br \/>\n2012 \u2013 \u201eGeysers of Subconsciousness 8\u201d Moskwa, Rosja<br \/>\n2011 \u2013 Muzeum Miejskie Wroc\u0142awia, Wroc\u0142aw, Polska<br \/>\n2011 \u2013 ZACH\u0118TA Narodowa Galeria Sztuki, Warszawa , Polska<br \/>\n2010 \u2013 California Modern Art Gallery, San Francisco, USA<br \/>\n2009 \u2013 P\u0142ocka Galeria Sztuki, P\u0142ock, Polska<br \/>\n2009 \u2013 Galeria ZPAP, \u0141\u00f3d\u017a, Polska<br \/>\n2009 \u2013 WSC Miami , USA<br \/>\n2009 \u2013 BOXeight Studios &amp; Gallery, Los Angeles, USA<br \/>\n2008 \u2013 \u201ePolish Surrealists\u201d, SD Panorama Patio Gallery,Warszawa, Polska<br \/>\n2008 \u2013 World Art Erotic Art Museum Miami USA<br \/>\n2008 \u2013 Beate Ushe Erotik Museum, Berlin, Niemcy<br \/>\n2008 \u2013 Wynwood Art District Miami, USA<br \/>\n2008 \u2013 Conseil des Arts du Quebec -Montreal, Kanada<br \/>\n2008 \u2013 SOHO Studios Miami, USA<br \/>\n2007 \u2013 SD Wilan\u00f3w Gallery,Warszawa, Polska<br \/>\n2007 \u2013 Modern Art Gallery, Ko\u0142obrzeg, Polska<br \/>\n2005 \u2013 Voregaard Castle, Dani2005 \u2013 Galeria Sztuki Wsp\u00f3\u0142czesnej, Ko\u0142obrzeg, Polska<br \/>\n2005 \u2013 Fundacja Turleja, Krak\u00f3w, Polska<br \/>\n2004 \u2013 Og\u00f3lnopolskie Targi Antykwaryczne i Sztuki Wsp\u00f3\u0142czesnej, Krak\u00f3w, Polska<br \/>\n2004 \u2013 Galerie Bram, Dania<br \/>\n2004 \u2013 Exhibition in the gallery of \u201d REMPEX\u201d Auction House,Warszawa, Polska<br \/>\n2004 \u2013 Galeria BP, Warszawa, Polska<br \/>\n2004 \u2013 Galeria Program, wystawa finalist\u00f3w, Warszawa, Polska<br \/>\n2004 \u2013 SD Wilan\u00f3w, Warszawa, Polska<br \/>\n2003 \u2013 Og\u00f3lnopolskie Targi Antykwaryczne i Sztuki Wsp\u00f3\u0142czesnej, Krak\u00f3w, Polska<br \/>\n2003 \u2013 REMPEX, Warszawa, Polska<br \/>\n2003 \u2013 Ars Nova, \u0141\u00f3d\u017a, Polska<br \/>\n2003- Kr\u00f3likarnia Muzeum Narodowe \u201eObraz roku 2002\u201d, Warszawa, Polska<br \/>\n2003 \u2013 \u201eAkt\u201d Galeria REMPEX,Warszawa, Polska<br \/>\n2003 \u2013 SD Wilan\u00f3w, Warszawa, Polska<br \/>\n2002 \u2013 \u201dPolscy surreali\u015bci\u201d, Panorama Patio Gallery,Warszawa, Polska<br \/>\n2002 \u2013 Kr\u00f3likarnia Muzeum Narodowe, Warszawa, Polska<br \/>\n2002 \u2013 ARTEXPO, NewYork, USA<br \/>\n2001 \u2013 Og\u00f3lnopolskie Targi Antykwaryczne i Sztuki Wsp\u00f3\u0142czesnej, Krak\u00f3w, Polska<br \/>\n2000 \u2013 SD Wilan\u00f3w Gallery, Warszawa, Polska<br \/>\n1999 \u2013 Wilczeniec, Warszawa, Polska<br \/>\n1999 \u2013 Muzeum Diecezjalne, Pelplin<br \/>\n1998 \u2013 Wilczeniec, Warszawa, Polska<br \/>\n1998 \u2013 Adi Art Gallery, \u0141\u00f3d\u017a, Polska<br \/>\n1997 \u2013 Teatr \u201cMiniatura\u201d , Gda\u0144sk, Polska<br \/>\n1996 \u2013 SD Wilan\u00f3w Gallery, Warszawa, Polska<br \/>\n1994 \u2013 \u201cCSW Stara \u0141a\u017ania\u201d Galeria, Gda\u0144sk, Polska<br \/>\n1994 \u2013 \u201cN\u201d Gallery, Starogard Gda\u0144ski, Polska<br \/>\n1994 \u2013 Zamek joannit\u00f3w, Skarszewy, Polska<br \/>\n1994 \u2013 Galeria \u201cPlama\u201d Gda\u0144sk, Polska<br \/>\n1993 \u2013 Bruwssum, Holandia<\/p>\n","protected":false},"excerpt":{"rendered":"<p>Ju\u017c 17 pa\u017adziernika o godz. 19:30 zapraszamy serdecznie do Muzeum Diecezjalnego w Pelplinie na wernisa\u017c wyj\u0105tkowej wystawy &#8222;MEMENTO\u2026 30 lecie tw\u00f3rczo\u015bci Jaros\u0142awa Kukowskiego\u2019\u2019. Wernisa\u017c wzbogaci koncert maryjny &#8221;Ave Maria w muzyce&#8221;, kt\u00f3ry doda wydarzeniu wyj\u0105tkowego klimatu. Us\u0142yszymy utwory maryjne kompozytor\u00f3w : m.in. Fr. Schuberta, A. Mozarta, L. Perosiego, O. \u017bukowskiego, G. Cacciniego i innych. Wykonawcy: &hellip; <a href=\"http:\/\/www.muzeum.diecezja.org\/muzeum\/memento-30-lecie-tworczosci-jaroslawa-kukowskiego-zapowiedz\/\" class=\"more-link\">Czytaj dalej <span class=\"screen-reader-text\">MEMENTO\u2026 30-lecie tw\u00f3rczo\u015bci Jaros\u0142awa Kukowskiego &#8211; Zapowied\u017a<\/span><\/a><\/p>\n","protected":false},"author":5,"featured_media":2772,"comment_status":"closed","ping_status":"open","sticky":false,"template":"","format":"standard","meta":[],"categories":[1],"tags":[],"_links":{"self":[{"href":"http:\/\/www.muzeum.diecezja.org\/muzeum\/wp-json\/wp\/v2\/posts\/2765"}],"collection":[{"href":"http:\/\/www.muzeum.diecezja.org\/muzeum\/wp-json\/wp\/v2\/posts"}],"about":[{"href":"http:\/\/www.muzeum.diecezja.org\/muzeum\/wp-json\/wp\/v2\/types\/post"}],"author":[{"embeddable":true,"href":"http:\/\/www.muzeum.diecezja.org\/muzeum\/wp-json\/wp\/v2\/users\/5"}],"replies":[{"embeddable":true,"href":"http:\/\/www.muzeum.diecezja.org\/muzeum\/wp-json\/wp\/v2\/comments?post=2765"}],"version-history":[{"count":5,"href":"http:\/\/www.muzeum.diecezja.org\/muzeum\/wp-json\/wp\/v2\/posts\/2765\/revisions"}],"predecessor-version":[{"id":2774,"href":"http:\/\/www.muzeum.diecezja.org\/muzeum\/wp-json\/wp\/v2\/posts\/2765\/revisions\/2774"}],"wp:featuredmedia":[{"embeddable":true,"href":"http:\/\/www.muzeum.diecezja.org\/muzeum\/wp-json\/wp\/v2\/media\/2772"}],"wp:attachment":[{"href":"http:\/\/www.muzeum.diecezja.org\/muzeum\/wp-json\/wp\/v2\/media?parent=2765"}],"wp:term":[{"taxonomy":"category","embeddable":true,"href":"http:\/\/www.muzeum.diecezja.org\/muzeum\/wp-json\/wp\/v2\/categories?post=2765"},{"taxonomy":"post_tag","embeddable":true,"href":"http:\/\/www.muzeum.diecezja.org\/muzeum\/wp-json\/wp\/v2\/tags?post=2765"}],"curies":[{"name":"wp","href":"https:\/\/api.w.org\/{rel}","templated":true}]}}