{"id":2837,"date":"2025-01-21T11:15:02","date_gmt":"2025-01-21T10:15:02","guid":{"rendered":"http:\/\/www.muzeum.diecezja.org\/muzeum\/?p=2837"},"modified":"2025-02-21T08:40:34","modified_gmt":"2025-02-21T07:40:34","slug":"wystawa-jaroslawa-kukowskiego-do-konca-lutego-2025","status":"publish","type":"post","link":"http:\/\/www.muzeum.diecezja.org\/muzeum\/wystawa-jaroslawa-kukowskiego-do-konca-lutego-2025\/","title":{"rendered":"Wystawa Jaros\u0142awa Kukowskiego do 26 lutego 2025 !"},"content":{"rendered":"<p style=\"text-align: center;\">To fantastyczna wiadomo\u015b\u0107, \u017ce wystawa Jaros\u0142awa Kukowskiego zosta\u0142a przed\u0142u\u017cona do 26 lutego ( \u015broda)\u00a0 !<\/p>\n<p style=\"text-align: center;\">Serdecznie zapraszamy, nie mo\u017cecie tego przegapi\u0107 !<\/p>\n<p style=\"text-align: center;\">Tak d\u0142ugotrwa\u0142e wydarzenie daje jeszcze wi\u0119cej os\u00f3b szans\u0119 na odkrycie i docenienie jego tw\u00f3rczo\u015bci. Unikalny styl artysty przyci\u0105ga uwag\u0119, a jego dorobek zas\u0142uguj\u0119 na szerokie uznanie . Zach\u0119camy do odwiedzenia Naszego Muzeum to \u015bwietny spos\u00f3b, aby zainspirowa\u0107 si\u0119 obcowaniem ze sztuk\u0105. Niezapomniane prze\u017cycie czeka wszystkich, kt\u00f3rzy zdecyduj\u0105 si\u0119 na wizyt\u0119!<\/p>\n","protected":false},"excerpt":{"rendered":"<p>To fantastyczna wiadomo\u015b\u0107, \u017ce wystawa Jaros\u0142awa Kukowskiego zosta\u0142a przed\u0142u\u017cona do 26 lutego ( \u015broda)\u00a0 ! Serdecznie zapraszamy, nie mo\u017cecie tego przegapi\u0107 ! Tak d\u0142ugotrwa\u0142e wydarzenie daje jeszcze wi\u0119cej os\u00f3b szans\u0119 na odkrycie i docenienie jego tw\u00f3rczo\u015bci. Unikalny styl artysty przyci\u0105ga uwag\u0119, a jego dorobek zas\u0142uguj\u0119 na szerokie uznanie . Zach\u0119camy do odwiedzenia Naszego Muzeum to &hellip; <a href=\"http:\/\/www.muzeum.diecezja.org\/muzeum\/wystawa-jaroslawa-kukowskiego-do-konca-lutego-2025\/\" class=\"more-link\">Czytaj dalej <span class=\"screen-reader-text\">Wystawa Jaros\u0142awa Kukowskiego do 26 lutego 2025 !<\/span><\/a><\/p>\n","protected":false},"author":5,"featured_media":2768,"comment_status":"closed","ping_status":"open","sticky":false,"template":"","format":"standard","meta":[],"categories":[6,7],"tags":[],"_links":{"self":[{"href":"http:\/\/www.muzeum.diecezja.org\/muzeum\/wp-json\/wp\/v2\/posts\/2837"}],"collection":[{"href":"http:\/\/www.muzeum.diecezja.org\/muzeum\/wp-json\/wp\/v2\/posts"}],"about":[{"href":"http:\/\/www.muzeum.diecezja.org\/muzeum\/wp-json\/wp\/v2\/types\/post"}],"author":[{"embeddable":true,"href":"http:\/\/www.muzeum.diecezja.org\/muzeum\/wp-json\/wp\/v2\/users\/5"}],"replies":[{"embeddable":true,"href":"http:\/\/www.muzeum.diecezja.org\/muzeum\/wp-json\/wp\/v2\/comments?post=2837"}],"version-history":[{"count":8,"href":"http:\/\/www.muzeum.diecezja.org\/muzeum\/wp-json\/wp\/v2\/posts\/2837\/revisions"}],"predecessor-version":[{"id":2864,"href":"http:\/\/www.muzeum.diecezja.org\/muzeum\/wp-json\/wp\/v2\/posts\/2837\/revisions\/2864"}],"wp:featuredmedia":[{"embeddable":true,"href":"http:\/\/www.muzeum.diecezja.org\/muzeum\/wp-json\/wp\/v2\/media\/2768"}],"wp:attachment":[{"href":"http:\/\/www.muzeum.diecezja.org\/muzeum\/wp-json\/wp\/v2\/media?parent=2837"}],"wp:term":[{"taxonomy":"category","embeddable":true,"href":"http:\/\/www.muzeum.diecezja.org\/muzeum\/wp-json\/wp\/v2\/categories?post=2837"},{"taxonomy":"post_tag","embeddable":true,"href":"http:\/\/www.muzeum.diecezja.org\/muzeum\/wp-json\/wp\/v2\/tags?post=2837"}],"curies":[{"name":"wp","href":"https:\/\/api.w.org\/{rel}","templated":true}]}}