{"id":2882,"date":"2025-03-12T15:52:14","date_gmt":"2025-03-12T14:52:14","guid":{"rendered":"http:\/\/www.muzeum.diecezja.org\/muzeum\/?p=2882"},"modified":"2025-03-12T15:58:37","modified_gmt":"2025-03-12T14:58:37","slug":"broken-barok-to-wyjatkowy-koncert-ktory-odbedzie-sie-3-kwietnia-2025-roku","status":"publish","type":"post","link":"http:\/\/www.muzeum.diecezja.org\/muzeum\/broken-barok-to-wyjatkowy-koncert-ktory-odbedzie-sie-3-kwietnia-2025-roku\/","title":{"rendered":"&#8222;Broken Barok&#8221; to wyj\u0105tkowy koncert, kt\u00f3ry odb\u0119dzie si\u0119 3 kwietnia 2025 roku !!"},"content":{"rendered":"<div dir=\"auto\" style=\"text-align: center;\"><\/div>\n<div dir=\"auto\" style=\"text-align: center;\">Serdecznie zapraszamy <span class=\"html-span xexx8yu x4uap5 x18d9i69 xkhd6sd x1hl2dhg x16tdsg8 x1vvkbs x3nfvp2 x1j61x8r x1fcty0u xdj266r xat24cr xgzva0m xhhsvwb xxymvpz xlup9mm x1kky2od\"><img decoding=\"async\" class=\"xz74otr x168nmei x13lgxp2 x5pf9jr xo71vjh\" src=\"https:\/\/static.xx.fbcdn.net\/images\/emoji.php\/v9\/t50\/1\/16\/2757.png\" alt=\"\u2757\" width=\"16\" height=\"16\" \/><\/span><\/div>\n<div dir=\"auto\">\n<div class=\"xdj266r x11i5rnm xat24cr x1mh8g0r x1vvkbs x126k92a\" style=\"text-align: center;\">\n<div dir=\"auto\">&#8222;Broken Barok&#8221; to wyj\u0105tkowy koncert, kt\u00f3ry odb\u0119dzie si\u0119 3 kwietnia 2025 roku o godzinie 19:00 w Muzeum Diecezjalnym w Pelplinie. <span class=\"html-span xexx8yu x4uap5 x18d9i69 xkhd6sd x1hl2dhg x16tdsg8 x1vvkbs x3nfvp2 x1j61x8r x1fcty0u xdj266r xat24cr xgzva0m xhhsvwb xxymvpz xlup9mm x1kky2od\"><img decoding=\"async\" class=\"xz74otr x168nmei x13lgxp2 x5pf9jr xo71vjh\" src=\"https:\/\/static.xx.fbcdn.net\/images\/emoji.php\/v9\/t89\/1\/16\/1f3db.png\" alt=\"\ud83c\udfdb\ufe0f\" width=\"16\" height=\"16\" \/><\/span><\/div>\n<\/div>\n<div class=\"x11i5rnm xat24cr x1mh8g0r x1vvkbs xtlvy1s x126k92a\" style=\"text-align: center;\">\n<div dir=\"auto\">Wyst\u0105pi Maciej Zakrzewski na pozytywie <span class=\"html-span xexx8yu x4uap5 x18d9i69 xkhd6sd x1hl2dhg x16tdsg8 x1vvkbs x3nfvp2 x1j61x8r x1fcty0u xdj266r xat24cr xgzva0m xhhsvwb xxymvpz xlup9mm x1kky2od\"><img decoding=\"async\" class=\"xz74otr x168nmei x13lgxp2 x5pf9jr xo71vjh\" src=\"https:\/\/static.xx.fbcdn.net\/images\/emoji.php\/v9\/ta2\/1\/16\/1f3b9.png\" alt=\"\ud83c\udfb9\" width=\"16\" height=\"16\" \/><\/span>, a Polska Filharmonia Kameralna z Sopotu pod dyrekcj\u0105 Przemys\u0142awa Fiugajskiego <span class=\"html-span xexx8yu x4uap5 x18d9i69 xkhd6sd x1hl2dhg x16tdsg8 x1vvkbs x3nfvp2 x1j61x8r x1fcty0u xdj266r xat24cr xgzva0m xhhsvwb xxymvpz xlup9mm x1kky2od\"><img loading=\"lazy\" decoding=\"async\" class=\"xz74otr x168nmei x13lgxp2 x5pf9jr xo71vjh\" src=\"https:\/\/static.xx.fbcdn.net\/images\/emoji.php\/v9\/t4b\/1\/16\/1f3bb.png\" alt=\"\ud83c\udfbb\" width=\"16\" height=\"16\" \/><\/span> zaprezentuje muzyczne zestawienie baroku i klasycyzmu. <span class=\"html-span xexx8yu x4uap5 x18d9i69 xkhd6sd x1hl2dhg x16tdsg8 x1vvkbs x3nfvp2 x1j61x8r x1fcty0u xdj266r xat24cr xgzva0m xhhsvwb xxymvpz xlup9mm x1kky2od\"><img loading=\"lazy\" decoding=\"async\" class=\"xz74otr x168nmei x13lgxp2 x5pf9jr xo71vjh\" src=\"https:\/\/static.xx.fbcdn.net\/images\/emoji.php\/v9\/t1f\/1\/16\/1f3b6.png\" alt=\"\ud83c\udfb6\" width=\"16\" height=\"16\" \/><\/span><span class=\"html-span xexx8yu x4uap5 x18d9i69 xkhd6sd x1hl2dhg x16tdsg8 x1vvkbs x3nfvp2 x1j61x8r x1fcty0u xdj266r xat24cr xgzva0m xhhsvwb xxymvpz xlup9mm x1kky2od\"><img loading=\"lazy\" decoding=\"async\" class=\"xz74otr x168nmei x13lgxp2 x5pf9jr xo71vjh\" src=\"https:\/\/static.xx.fbcdn.net\/images\/emoji.php\/v9\/tcc\/1\/16\/1f3bc.png\" alt=\"\ud83c\udfbc\" width=\"16\" height=\"16\" \/><\/span><\/div>\n<\/div>\n<div class=\"x11i5rnm xat24cr x1mh8g0r x1vvkbs xtlvy1s x126k92a\">\n<div dir=\"auto\" style=\"text-align: center;\">Co istotne, bilety na to wydarzenie s\u0105 bezp\u0142atne<span class=\"html-span xexx8yu x4uap5 x18d9i69 xkhd6sd x1hl2dhg x16tdsg8 x1vvkbs x3nfvp2 x1j61x8r x1fcty0u xdj266r xat24cr xgzva0m xhhsvwb xxymvpz xlup9mm x1kky2od\"><img loading=\"lazy\" decoding=\"async\" class=\"xz74otr x168nmei x13lgxp2 x5pf9jr xo71vjh\" src=\"https:\/\/static.xx.fbcdn.net\/images\/emoji.php\/v9\/t77\/1\/16\/203c.png\" alt=\"\u203c\ufe0f\" width=\"16\" height=\"16\" \/><\/span><\/div>\n<div dir=\"auto\" style=\"text-align: center;\">Mo\u017cna je rezerwowa\u0107 w <span class=\"html-span xdj266r x11i5rnm xat24cr x1mh8g0r xexx8yu x4uap5 x18d9i69 xkhd6sd x1hl2dhg x16tdsg8 x1vvkbs\"><a class=\"x1i10hfl xjbqb8w x1ejq31n xd10rxx x1sy0etr x17r0tee x972fbf xcfux6l x1qhh985 xm0m39n x9f619 x1ypdohk xt0psk2 xe8uvvx xdj266r x11i5rnm xat24cr x1mh8g0r xexx8yu x4uap5 x18d9i69 xkhd6sd x16tdsg8 x1hl2dhg xggy1nq x1a2a7pz xkrqix3 x1sur9pj x1fey0fg x1s688f\" tabindex=\"0\" role=\"link\" href=\"https:\/\/www.facebook.com\/pelplinKCK?__cft__[0]=AZXaHqV21-hhn6SMM-BLmG26DuH2rIq5LuG2JXKC4TgOE07HSRw82j3MfMU0uHWRgzSZdWGxQDNL9uMGlGrmEosBT8pbkd93Hq8iavMOyR--u3feWj_7G5ffxtxxQ2dFgivh8U6S6MrtwypncfZwVojFD1apyfBWItGppcAOqvk7g5WHLu_B-jxAazsSgJP20QE&amp;__tn__=-]K-R\"><span class=\"xt0psk2\"><span class=\"xjp7ctv\"><span aria-describedby=\"\u00abrc6\u00bb\">Kociewskie Centrum Kultury w Pelplinie<\/span><\/span><\/span><\/a><\/span> w godzinach od 7 do 15. <span class=\"html-span xexx8yu x4uap5 x18d9i69 xkhd6sd x1hl2dhg x16tdsg8 x1vvkbs x3nfvp2 x1j61x8r x1fcty0u xdj266r xat24cr xgzva0m xhhsvwb xxymvpz xlup9mm x1kky2od\"><img loading=\"lazy\" decoding=\"async\" class=\"xz74otr x168nmei x13lgxp2 x5pf9jr xo71vjh\" src=\"https:\/\/static.xx.fbcdn.net\/images\/emoji.php\/v9\/t7f\/1\/16\/1f60a.png\" alt=\"\ud83d\ude0a\" width=\"16\" height=\"16\" \/><\/span><\/div>\n<div dir=\"auto\" style=\"text-align: center;\">Nie przegap okazji, aby uczestniczy\u0107 w tej niezwyk\u0142ej muzycznej podr\u00f3\u017cy !!<\/div>\n<\/div>\n<\/div>\n<div dir=\"auto\"><\/div>\n<div dir=\"auto\"><img loading=\"lazy\" decoding=\"async\" class=\"alignnone size-full wp-image-2883\" src=\"http:\/\/www.muzeum.diecezja.org\/muzeum\/wp-content\/uploads\/2025\/03\/PLAKAT-KONCERT-03.04.2025-002.png\" alt=\"\" width=\"1219\" height=\"1723\" srcset=\"http:\/\/www.muzeum.diecezja.org\/muzeum\/wp-content\/uploads\/2025\/03\/PLAKAT-KONCERT-03.04.2025-002.png 1219w, http:\/\/www.muzeum.diecezja.org\/muzeum\/wp-content\/uploads\/2025\/03\/PLAKAT-KONCERT-03.04.2025-002-212x300.png 212w, http:\/\/www.muzeum.diecezja.org\/muzeum\/wp-content\/uploads\/2025\/03\/PLAKAT-KONCERT-03.04.2025-002-127x180.png 127w, http:\/\/www.muzeum.diecezja.org\/muzeum\/wp-content\/uploads\/2025\/03\/PLAKAT-KONCERT-03.04.2025-002-768x1086.png 768w, http:\/\/www.muzeum.diecezja.org\/muzeum\/wp-content\/uploads\/2025\/03\/PLAKAT-KONCERT-03.04.2025-002-1087x1536.png 1087w\" sizes=\"(max-width: 1219px) 100vw, 1219px\" \/><\/div>\n<div dir=\"auto\">\n<div class=\"x11i5rnm xat24cr x1mh8g0r x1vvkbs xtlvy1s x126k92a\">\n<div dir=\"auto\"><\/div>\n<div dir=\"auto\"><\/div>\n<\/div>\n<\/div>\n<div dir=\"auto\"><\/div>\n<div dir=\"auto\"><\/div>\n<div dir=\"auto\"><\/div>\n<div dir=\"auto\"><\/div>\n<div dir=\"auto\"><\/div>\n<div dir=\"auto\"><\/div>\n<div dir=\"auto\"><\/div>\n<div dir=\"auto\"><\/div>\n<div dir=\"auto\"><\/div>\n<div dir=\"auto\"><\/div>\n<div dir=\"auto\"><\/div>\n<div dir=\"auto\"><\/div>\n<div dir=\"auto\"><\/div>\n<div dir=\"auto\"><\/div>\n<div dir=\"auto\"><\/div>\n<div dir=\"auto\"><\/div>\n<div dir=\"auto\"><\/div>\n<div dir=\"auto\"><\/div>\n<div dir=\"auto\"><\/div>\n<div dir=\"auto\"><\/div>\n<div dir=\"auto\"><\/div>\n<div dir=\"auto\"><\/div>\n<div dir=\"auto\"><\/div>\n<div dir=\"auto\"><\/div>\n<div dir=\"auto\"><\/div>\n<div dir=\"auto\"><\/div>\n<div dir=\"auto\"><\/div>\n<div dir=\"auto\"><\/div>\n<div dir=\"auto\"><\/div>\n<div dir=\"auto\"><\/div>\n<div dir=\"auto\"><\/div>\n<div dir=\"auto\"><\/div>\n<div dir=\"auto\"><\/div>\n<div dir=\"auto\"><\/div>\n<div dir=\"auto\"><\/div>\n<div dir=\"auto\"><\/div>\n<div dir=\"auto\"><\/div>\n<div dir=\"auto\"><\/div>\n<div dir=\"auto\"><\/div>\n<div dir=\"auto\"><\/div>\n<div dir=\"auto\"><\/div>\n<div dir=\"auto\"><\/div>\n<div dir=\"auto\"><\/div>\n<div dir=\"auto\"><\/div>\n","protected":false},"excerpt":{"rendered":"<p>Serdecznie zapraszamy &#8222;Broken Barok&#8221; to wyj\u0105tkowy koncert, kt\u00f3ry odb\u0119dzie si\u0119 3 kwietnia 2025 roku o godzinie 19:00 w Muzeum Diecezjalnym w Pelplinie. Wyst\u0105pi Maciej Zakrzewski na pozytywie , a Polska Filharmonia Kameralna z Sopotu pod dyrekcj\u0105 Przemys\u0142awa Fiugajskiego zaprezentuje muzyczne zestawienie baroku i klasycyzmu. Co istotne, bilety na to wydarzenie s\u0105 bezp\u0142atne Mo\u017cna je rezerwowa\u0107 &hellip; <a href=\"http:\/\/www.muzeum.diecezja.org\/muzeum\/broken-barok-to-wyjatkowy-koncert-ktory-odbedzie-sie-3-kwietnia-2025-roku\/\" class=\"more-link\">Czytaj dalej <span class=\"screen-reader-text\">&#8222;Broken Barok&#8221; to wyj\u0105tkowy koncert, kt\u00f3ry odb\u0119dzie si\u0119 3 kwietnia 2025 roku !!<\/span><\/a><\/p>\n","protected":false},"author":5,"featured_media":2883,"comment_status":"closed","ping_status":"open","sticky":false,"template":"","format":"standard","meta":[],"categories":[6,7],"tags":[],"_links":{"self":[{"href":"http:\/\/www.muzeum.diecezja.org\/muzeum\/wp-json\/wp\/v2\/posts\/2882"}],"collection":[{"href":"http:\/\/www.muzeum.diecezja.org\/muzeum\/wp-json\/wp\/v2\/posts"}],"about":[{"href":"http:\/\/www.muzeum.diecezja.org\/muzeum\/wp-json\/wp\/v2\/types\/post"}],"author":[{"embeddable":true,"href":"http:\/\/www.muzeum.diecezja.org\/muzeum\/wp-json\/wp\/v2\/users\/5"}],"replies":[{"embeddable":true,"href":"http:\/\/www.muzeum.diecezja.org\/muzeum\/wp-json\/wp\/v2\/comments?post=2882"}],"version-history":[{"count":5,"href":"http:\/\/www.muzeum.diecezja.org\/muzeum\/wp-json\/wp\/v2\/posts\/2882\/revisions"}],"predecessor-version":[{"id":2888,"href":"http:\/\/www.muzeum.diecezja.org\/muzeum\/wp-json\/wp\/v2\/posts\/2882\/revisions\/2888"}],"wp:featuredmedia":[{"embeddable":true,"href":"http:\/\/www.muzeum.diecezja.org\/muzeum\/wp-json\/wp\/v2\/media\/2883"}],"wp:attachment":[{"href":"http:\/\/www.muzeum.diecezja.org\/muzeum\/wp-json\/wp\/v2\/media?parent=2882"}],"wp:term":[{"taxonomy":"category","embeddable":true,"href":"http:\/\/www.muzeum.diecezja.org\/muzeum\/wp-json\/wp\/v2\/categories?post=2882"},{"taxonomy":"post_tag","embeddable":true,"href":"http:\/\/www.muzeum.diecezja.org\/muzeum\/wp-json\/wp\/v2\/tags?post=2882"}],"curies":[{"name":"wp","href":"https:\/\/api.w.org\/{rel}","templated":true}]}}