{"id":2912,"date":"2025-03-29T16:02:10","date_gmt":"2025-03-29T15:02:10","guid":{"rendered":"http:\/\/www.muzeum.diecezja.org\/muzeum\/?p=2912"},"modified":"2025-03-29T16:04:02","modified_gmt":"2025-03-29T15:04:02","slug":"otwarcie-ekspozycji-stalej-wokol-pelplinskiej-biblii-gutenberga","status":"publish","type":"post","link":"http:\/\/www.muzeum.diecezja.org\/muzeum\/otwarcie-ekspozycji-stalej-wokol-pelplinskiej-biblii-gutenberga\/","title":{"rendered":"Otwarcie ekspozycji sta\u0142ej Wok\u00f3\u0142 Pelpli\u0144skiej Biblii  Gutenberga"},"content":{"rendered":"<p style=\"text-align: center;\"><strong>Dnia 28.03.2025 roku odby\u0142o si\u0119 otwarcie ekspozycji sta\u0142ej <em>Wok\u00f3\u0142 Pelpli\u0144skiej Biblii\u00a0 Gutenberga\u00a0<\/em><\/strong><\/p>\n<p>&nbsp;<\/p>\n<p style=\"text-align: center;\">Na wst\u0119pie nast\u0105pi\u0142o powitanie uczestnik\u00f3w przez ks. Krystian <strong>Feddeka<\/strong>, dyrektora Muzeum Diecezjalnego w Pelplinie . Dr hab. Juliusz <strong>Raczkowski<\/strong>, prof. UMK, Wydzia\u0142 Sztuk Pi\u0119knych UMK w Toruniu wprowadzi\u0142 zebranych go\u015bci w temat\u00a0 wystawy sta\u0142ej <em>Wok\u00f3\u0142 Pelpli\u0144skiej Biblii Gutenberga <\/em>i podsumowa\u0142 II etap projektu<em> Ratujemy Pelpli\u0144sk\u0105 Bibli\u0119 Gutenberga. Natomiast\u00a0<\/em>dr hab. Jacek <strong>Soszy\u0144ski<\/strong>, prof. PAN, dyrektor Instytutu Historii Nauki PAN w Warszawie przybli\u017cy\u0142 temat druku za pomoc\u0105 ruchomej czcionki \u2013 prze\u0142om w cywilizacji europejskiej. Ks. prof. dr hab. Jan <strong>Walkusz<\/strong>, dyrektor Biblioteki Diecezjalnej w Pelplinie odczyta\u0142 <em>versio wulgata<\/em> z pierwszej karty Pelpli\u0144skiej Biblii Gutenberga. Akcentem muzycznym wydarzenia by\u0142 k<strong>oncert \u015bpiewu chora\u0142owego \u2013 wybrane utwory liturgiczne <\/strong><strong>z cysterskiego Gradua\u0142u L13 ze zbior\u00f3w Biblioteki Diecezjalnej w Pelplinie <\/strong>\u2013<strong> dr hab. Susi <\/strong><strong>Ferfoglia<\/strong><strong>, prof.<\/strong> <strong>Uniwersytetu Papieskiego Jana Paw\u0142a II\u00a0\u00a0 i <\/strong><strong>Schola Gregoria\u0144ska<\/strong><strong>, <\/strong>Instytut Muzyki Ko\u015bcielnej <strong>Uniwersytetu Papieskiego Jana Paw\u0142a II\u00a0\u00a0 w Krakowie<\/strong><strong> . <\/strong><strong>Uczestnicy mogli wys\u0142ucha\u0107 r\u00f3wnie\u017c s<\/strong>\u0142\u00f3w Biskupa Pelpli\u0144skiego,\u00a0 dr Ryszarda Kasyny. Na zako\u0144czenie nast\u0105pi\u0142a prezentacja orygina\u0142u Pelpli\u0144skiej Biblii Gutenberga .<\/p>\n<p style=\"text-align: center;\">Serdecznie zapraszamy do odwiedzania Naszego Muzeum w celu zobaczenia ekspozycji sta\u0142ej Pelpli\u0144skiej Biblii Gutenberga !<\/p>\n<p><img fetchpriority=\"high\" decoding=\"async\" class=\"alignnone size-full wp-image-2915\" src=\"http:\/\/www.muzeum.diecezja.org\/muzeum\/wp-content\/uploads\/2025\/03\/FB_IMG_1743171101750.jpg\" alt=\"\" width=\"1080\" height=\"719\" srcset=\"http:\/\/www.muzeum.diecezja.org\/muzeum\/wp-content\/uploads\/2025\/03\/FB_IMG_1743171101750.jpg 1080w, http:\/\/www.muzeum.diecezja.org\/muzeum\/wp-content\/uploads\/2025\/03\/FB_IMG_1743171101750-300x200.jpg 300w, http:\/\/www.muzeum.diecezja.org\/muzeum\/wp-content\/uploads\/2025\/03\/FB_IMG_1743171101750-270x180.jpg 270w, http:\/\/www.muzeum.diecezja.org\/muzeum\/wp-content\/uploads\/2025\/03\/FB_IMG_1743171101750-768x511.jpg 768w\" sizes=\"(max-width: 1080px) 100vw, 1080px\" \/> <img decoding=\"async\" class=\"alignnone size-full wp-image-2916\" src=\"http:\/\/www.muzeum.diecezja.org\/muzeum\/wp-content\/uploads\/2025\/03\/FB_IMG_1743258827108.jpg\" alt=\"\" width=\"1080\" height=\"719\" srcset=\"http:\/\/www.muzeum.diecezja.org\/muzeum\/wp-content\/uploads\/2025\/03\/FB_IMG_1743258827108.jpg 1080w, http:\/\/www.muzeum.diecezja.org\/muzeum\/wp-content\/uploads\/2025\/03\/FB_IMG_1743258827108-300x200.jpg 300w, http:\/\/www.muzeum.diecezja.org\/muzeum\/wp-content\/uploads\/2025\/03\/FB_IMG_1743258827108-270x180.jpg 270w, http:\/\/www.muzeum.diecezja.org\/muzeum\/wp-content\/uploads\/2025\/03\/FB_IMG_1743258827108-768x511.jpg 768w\" sizes=\"(max-width: 1080px) 100vw, 1080px\" \/> <img decoding=\"async\" class=\"alignnone size-full wp-image-2917\" src=\"http:\/\/www.muzeum.diecezja.org\/muzeum\/wp-content\/uploads\/2025\/03\/IMG_3341-scaled.jpg\" alt=\"\" width=\"2560\" height=\"1707\" srcset=\"http:\/\/www.muzeum.diecezja.org\/muzeum\/wp-content\/uploads\/2025\/03\/IMG_3341-scaled.jpg 2560w, http:\/\/www.muzeum.diecezja.org\/muzeum\/wp-content\/uploads\/2025\/03\/IMG_3341-300x200.jpg 300w, http:\/\/www.muzeum.diecezja.org\/muzeum\/wp-content\/uploads\/2025\/03\/IMG_3341-270x180.jpg 270w, http:\/\/www.muzeum.diecezja.org\/muzeum\/wp-content\/uploads\/2025\/03\/IMG_3341-768x512.jpg 768w, http:\/\/www.muzeum.diecezja.org\/muzeum\/wp-content\/uploads\/2025\/03\/IMG_3341-1536x1024.jpg 1536w, http:\/\/www.muzeum.diecezja.org\/muzeum\/wp-content\/uploads\/2025\/03\/IMG_3341-2048x1365.jpg 2048w\" sizes=\"(max-width: 2560px) 100vw, 2560px\" \/> <img loading=\"lazy\" decoding=\"async\" class=\"alignnone size-full wp-image-2918\" src=\"http:\/\/www.muzeum.diecezja.org\/muzeum\/wp-content\/uploads\/2025\/03\/IMG_3342-scaled.jpg\" alt=\"\" width=\"2560\" height=\"1707\" srcset=\"http:\/\/www.muzeum.diecezja.org\/muzeum\/wp-content\/uploads\/2025\/03\/IMG_3342-scaled.jpg 2560w, http:\/\/www.muzeum.diecezja.org\/muzeum\/wp-content\/uploads\/2025\/03\/IMG_3342-300x200.jpg 300w, http:\/\/www.muzeum.diecezja.org\/muzeum\/wp-content\/uploads\/2025\/03\/IMG_3342-270x180.jpg 270w, http:\/\/www.muzeum.diecezja.org\/muzeum\/wp-content\/uploads\/2025\/03\/IMG_3342-768x512.jpg 768w, http:\/\/www.muzeum.diecezja.org\/muzeum\/wp-content\/uploads\/2025\/03\/IMG_3342-1536x1024.jpg 1536w, http:\/\/www.muzeum.diecezja.org\/muzeum\/wp-content\/uploads\/2025\/03\/IMG_3342-2048x1365.jpg 2048w\" sizes=\"(max-width: 2560px) 100vw, 2560px\" \/> <img loading=\"lazy\" decoding=\"async\" class=\"alignnone size-full wp-image-2919\" src=\"http:\/\/www.muzeum.diecezja.org\/muzeum\/wp-content\/uploads\/2025\/03\/IMG_3343-scaled.jpg\" alt=\"\" width=\"2560\" height=\"1707\" srcset=\"http:\/\/www.muzeum.diecezja.org\/muzeum\/wp-content\/uploads\/2025\/03\/IMG_3343-scaled.jpg 2560w, http:\/\/www.muzeum.diecezja.org\/muzeum\/wp-content\/uploads\/2025\/03\/IMG_3343-300x200.jpg 300w, http:\/\/www.muzeum.diecezja.org\/muzeum\/wp-content\/uploads\/2025\/03\/IMG_3343-270x180.jpg 270w, http:\/\/www.muzeum.diecezja.org\/muzeum\/wp-content\/uploads\/2025\/03\/IMG_3343-768x512.jpg 768w, http:\/\/www.muzeum.diecezja.org\/muzeum\/wp-content\/uploads\/2025\/03\/IMG_3343-1536x1024.jpg 1536w, http:\/\/www.muzeum.diecezja.org\/muzeum\/wp-content\/uploads\/2025\/03\/IMG_3343-2048x1365.jpg 2048w\" sizes=\"(max-width: 2560px) 100vw, 2560px\" \/> <img loading=\"lazy\" decoding=\"async\" class=\"alignnone size-full wp-image-2920\" src=\"http:\/\/www.muzeum.diecezja.org\/muzeum\/wp-content\/uploads\/2025\/03\/IMG_3350-scaled.jpg\" alt=\"\" width=\"2560\" height=\"1707\" srcset=\"http:\/\/www.muzeum.diecezja.org\/muzeum\/wp-content\/uploads\/2025\/03\/IMG_3350-scaled.jpg 2560w, http:\/\/www.muzeum.diecezja.org\/muzeum\/wp-content\/uploads\/2025\/03\/IMG_3350-300x200.jpg 300w, http:\/\/www.muzeum.diecezja.org\/muzeum\/wp-content\/uploads\/2025\/03\/IMG_3350-270x180.jpg 270w, http:\/\/www.muzeum.diecezja.org\/muzeum\/wp-content\/uploads\/2025\/03\/IMG_3350-768x512.jpg 768w, http:\/\/www.muzeum.diecezja.org\/muzeum\/wp-content\/uploads\/2025\/03\/IMG_3350-1536x1024.jpg 1536w, http:\/\/www.muzeum.diecezja.org\/muzeum\/wp-content\/uploads\/2025\/03\/IMG_3350-2048x1365.jpg 2048w\" sizes=\"(max-width: 2560px) 100vw, 2560px\" \/> <img loading=\"lazy\" decoding=\"async\" class=\"alignnone size-full wp-image-2921\" src=\"http:\/\/www.muzeum.diecezja.org\/muzeum\/wp-content\/uploads\/2025\/03\/IMG_3351-scaled.jpg\" alt=\"\" width=\"2560\" height=\"1707\" srcset=\"http:\/\/www.muzeum.diecezja.org\/muzeum\/wp-content\/uploads\/2025\/03\/IMG_3351-scaled.jpg 2560w, http:\/\/www.muzeum.diecezja.org\/muzeum\/wp-content\/uploads\/2025\/03\/IMG_3351-300x200.jpg 300w, http:\/\/www.muzeum.diecezja.org\/muzeum\/wp-content\/uploads\/2025\/03\/IMG_3351-270x180.jpg 270w, http:\/\/www.muzeum.diecezja.org\/muzeum\/wp-content\/uploads\/2025\/03\/IMG_3351-768x512.jpg 768w, http:\/\/www.muzeum.diecezja.org\/muzeum\/wp-content\/uploads\/2025\/03\/IMG_3351-1536x1024.jpg 1536w, http:\/\/www.muzeum.diecezja.org\/muzeum\/wp-content\/uploads\/2025\/03\/IMG_3351-2048x1365.jpg 2048w\" sizes=\"(max-width: 2560px) 100vw, 2560px\" \/> <img loading=\"lazy\" decoding=\"async\" class=\"alignnone size-full wp-image-2922\" src=\"http:\/\/www.muzeum.diecezja.org\/muzeum\/wp-content\/uploads\/2025\/03\/IMG_3357-1-scaled.jpg\" alt=\"\" width=\"2560\" height=\"1707\" srcset=\"http:\/\/www.muzeum.diecezja.org\/muzeum\/wp-content\/uploads\/2025\/03\/IMG_3357-1-scaled.jpg 2560w, http:\/\/www.muzeum.diecezja.org\/muzeum\/wp-content\/uploads\/2025\/03\/IMG_3357-1-300x200.jpg 300w, http:\/\/www.muzeum.diecezja.org\/muzeum\/wp-content\/uploads\/2025\/03\/IMG_3357-1-270x180.jpg 270w, http:\/\/www.muzeum.diecezja.org\/muzeum\/wp-content\/uploads\/2025\/03\/IMG_3357-1-768x512.jpg 768w, http:\/\/www.muzeum.diecezja.org\/muzeum\/wp-content\/uploads\/2025\/03\/IMG_3357-1-1536x1024.jpg 1536w, http:\/\/www.muzeum.diecezja.org\/muzeum\/wp-content\/uploads\/2025\/03\/IMG_3357-1-2048x1365.jpg 2048w\" sizes=\"(max-width: 2560px) 100vw, 2560px\" \/> <img loading=\"lazy\" decoding=\"async\" class=\"alignnone size-full wp-image-2923\" src=\"http:\/\/www.muzeum.diecezja.org\/muzeum\/wp-content\/uploads\/2025\/03\/IMG_3359-scaled.jpg\" alt=\"\" width=\"2560\" height=\"1707\" srcset=\"http:\/\/www.muzeum.diecezja.org\/muzeum\/wp-content\/uploads\/2025\/03\/IMG_3359-scaled.jpg 2560w, http:\/\/www.muzeum.diecezja.org\/muzeum\/wp-content\/uploads\/2025\/03\/IMG_3359-300x200.jpg 300w, http:\/\/www.muzeum.diecezja.org\/muzeum\/wp-content\/uploads\/2025\/03\/IMG_3359-270x180.jpg 270w, http:\/\/www.muzeum.diecezja.org\/muzeum\/wp-content\/uploads\/2025\/03\/IMG_3359-768x512.jpg 768w, http:\/\/www.muzeum.diecezja.org\/muzeum\/wp-content\/uploads\/2025\/03\/IMG_3359-1536x1024.jpg 1536w, http:\/\/www.muzeum.diecezja.org\/muzeum\/wp-content\/uploads\/2025\/03\/IMG_3359-2048x1365.jpg 2048w\" sizes=\"(max-width: 2560px) 100vw, 2560px\" \/> <img loading=\"lazy\" decoding=\"async\" class=\"alignnone size-full wp-image-2924\" src=\"http:\/\/www.muzeum.diecezja.org\/muzeum\/wp-content\/uploads\/2025\/03\/IMG_3360-scaled.jpg\" alt=\"\" width=\"2560\" height=\"1707\" srcset=\"http:\/\/www.muzeum.diecezja.org\/muzeum\/wp-content\/uploads\/2025\/03\/IMG_3360-scaled.jpg 2560w, http:\/\/www.muzeum.diecezja.org\/muzeum\/wp-content\/uploads\/2025\/03\/IMG_3360-300x200.jpg 300w, http:\/\/www.muzeum.diecezja.org\/muzeum\/wp-content\/uploads\/2025\/03\/IMG_3360-270x180.jpg 270w, http:\/\/www.muzeum.diecezja.org\/muzeum\/wp-content\/uploads\/2025\/03\/IMG_3360-768x512.jpg 768w, http:\/\/www.muzeum.diecezja.org\/muzeum\/wp-content\/uploads\/2025\/03\/IMG_3360-1536x1024.jpg 1536w, http:\/\/www.muzeum.diecezja.org\/muzeum\/wp-content\/uploads\/2025\/03\/IMG_3360-2048x1365.jpg 2048w\" sizes=\"(max-width: 2560px) 100vw, 2560px\" \/> <img loading=\"lazy\" decoding=\"async\" class=\"alignnone size-full wp-image-2925\" src=\"http:\/\/www.muzeum.diecezja.org\/muzeum\/wp-content\/uploads\/2025\/03\/IMG_3362-scaled.jpg\" alt=\"\" width=\"2560\" height=\"1707\" srcset=\"http:\/\/www.muzeum.diecezja.org\/muzeum\/wp-content\/uploads\/2025\/03\/IMG_3362-scaled.jpg 2560w, http:\/\/www.muzeum.diecezja.org\/muzeum\/wp-content\/uploads\/2025\/03\/IMG_3362-300x200.jpg 300w, http:\/\/www.muzeum.diecezja.org\/muzeum\/wp-content\/uploads\/2025\/03\/IMG_3362-270x180.jpg 270w, http:\/\/www.muzeum.diecezja.org\/muzeum\/wp-content\/uploads\/2025\/03\/IMG_3362-768x512.jpg 768w, http:\/\/www.muzeum.diecezja.org\/muzeum\/wp-content\/uploads\/2025\/03\/IMG_3362-1536x1024.jpg 1536w, http:\/\/www.muzeum.diecezja.org\/muzeum\/wp-content\/uploads\/2025\/03\/IMG_3362-2048x1365.jpg 2048w\" sizes=\"(max-width: 2560px) 100vw, 2560px\" \/> <img loading=\"lazy\" decoding=\"async\" class=\"alignnone size-full wp-image-2926\" src=\"http:\/\/www.muzeum.diecezja.org\/muzeum\/wp-content\/uploads\/2025\/03\/IMG_3364-scaled.jpg\" alt=\"\" width=\"2560\" height=\"1707\" srcset=\"http:\/\/www.muzeum.diecezja.org\/muzeum\/wp-content\/uploads\/2025\/03\/IMG_3364-scaled.jpg 2560w, http:\/\/www.muzeum.diecezja.org\/muzeum\/wp-content\/uploads\/2025\/03\/IMG_3364-300x200.jpg 300w, http:\/\/www.muzeum.diecezja.org\/muzeum\/wp-content\/uploads\/2025\/03\/IMG_3364-270x180.jpg 270w, http:\/\/www.muzeum.diecezja.org\/muzeum\/wp-content\/uploads\/2025\/03\/IMG_3364-768x512.jpg 768w, http:\/\/www.muzeum.diecezja.org\/muzeum\/wp-content\/uploads\/2025\/03\/IMG_3364-1536x1024.jpg 1536w, http:\/\/www.muzeum.diecezja.org\/muzeum\/wp-content\/uploads\/2025\/03\/IMG_3364-2048x1365.jpg 2048w\" sizes=\"(max-width: 2560px) 100vw, 2560px\" \/> <img loading=\"lazy\" decoding=\"async\" class=\"alignnone size-full wp-image-2927\" src=\"http:\/\/www.muzeum.diecezja.org\/muzeum\/wp-content\/uploads\/2025\/03\/IMG_3365-scaled.jpg\" alt=\"\" width=\"2560\" height=\"1707\" srcset=\"http:\/\/www.muzeum.diecezja.org\/muzeum\/wp-content\/uploads\/2025\/03\/IMG_3365-scaled.jpg 2560w, http:\/\/www.muzeum.diecezja.org\/muzeum\/wp-content\/uploads\/2025\/03\/IMG_3365-300x200.jpg 300w, http:\/\/www.muzeum.diecezja.org\/muzeum\/wp-content\/uploads\/2025\/03\/IMG_3365-270x180.jpg 270w, http:\/\/www.muzeum.diecezja.org\/muzeum\/wp-content\/uploads\/2025\/03\/IMG_3365-768x512.jpg 768w, http:\/\/www.muzeum.diecezja.org\/muzeum\/wp-content\/uploads\/2025\/03\/IMG_3365-1536x1024.jpg 1536w, http:\/\/www.muzeum.diecezja.org\/muzeum\/wp-content\/uploads\/2025\/03\/IMG_3365-2048x1365.jpg 2048w\" sizes=\"(max-width: 2560px) 100vw, 2560px\" \/> <img loading=\"lazy\" decoding=\"async\" class=\"alignnone size-full wp-image-2928\" src=\"http:\/\/www.muzeum.diecezja.org\/muzeum\/wp-content\/uploads\/2025\/03\/IMG_3373-scaled.jpg\" alt=\"\" width=\"2560\" height=\"1707\" srcset=\"http:\/\/www.muzeum.diecezja.org\/muzeum\/wp-content\/uploads\/2025\/03\/IMG_3373-scaled.jpg 2560w, http:\/\/www.muzeum.diecezja.org\/muzeum\/wp-content\/uploads\/2025\/03\/IMG_3373-300x200.jpg 300w, http:\/\/www.muzeum.diecezja.org\/muzeum\/wp-content\/uploads\/2025\/03\/IMG_3373-270x180.jpg 270w, http:\/\/www.muzeum.diecezja.org\/muzeum\/wp-content\/uploads\/2025\/03\/IMG_3373-768x512.jpg 768w, http:\/\/www.muzeum.diecezja.org\/muzeum\/wp-content\/uploads\/2025\/03\/IMG_3373-1536x1024.jpg 1536w, http:\/\/www.muzeum.diecezja.org\/muzeum\/wp-content\/uploads\/2025\/03\/IMG_3373-2048x1365.jpg 2048w\" sizes=\"(max-width: 2560px) 100vw, 2560px\" \/> <img loading=\"lazy\" decoding=\"async\" class=\"alignnone size-full wp-image-2929\" src=\"http:\/\/www.muzeum.diecezja.org\/muzeum\/wp-content\/uploads\/2025\/03\/IMG_3374-scaled.jpg\" alt=\"\" width=\"1707\" height=\"2560\" srcset=\"http:\/\/www.muzeum.diecezja.org\/muzeum\/wp-content\/uploads\/2025\/03\/IMG_3374-scaled.jpg 1707w, http:\/\/www.muzeum.diecezja.org\/muzeum\/wp-content\/uploads\/2025\/03\/IMG_3374-200x300.jpg 200w, http:\/\/www.muzeum.diecezja.org\/muzeum\/wp-content\/uploads\/2025\/03\/IMG_3374-120x180.jpg 120w, http:\/\/www.muzeum.diecezja.org\/muzeum\/wp-content\/uploads\/2025\/03\/IMG_3374-768x1152.jpg 768w, http:\/\/www.muzeum.diecezja.org\/muzeum\/wp-content\/uploads\/2025\/03\/IMG_3374-1024x1536.jpg 1024w, http:\/\/www.muzeum.diecezja.org\/muzeum\/wp-content\/uploads\/2025\/03\/IMG_3374-1365x2048.jpg 1365w\" sizes=\"(max-width: 1707px) 100vw, 1707px\" \/> <img loading=\"lazy\" decoding=\"async\" class=\"alignnone size-full wp-image-2930\" src=\"http:\/\/www.muzeum.diecezja.org\/muzeum\/wp-content\/uploads\/2025\/03\/IMG_3378-scaled.jpg\" alt=\"\" width=\"2560\" height=\"1707\" srcset=\"http:\/\/www.muzeum.diecezja.org\/muzeum\/wp-content\/uploads\/2025\/03\/IMG_3378-scaled.jpg 2560w, http:\/\/www.muzeum.diecezja.org\/muzeum\/wp-content\/uploads\/2025\/03\/IMG_3378-300x200.jpg 300w, http:\/\/www.muzeum.diecezja.org\/muzeum\/wp-content\/uploads\/2025\/03\/IMG_3378-270x180.jpg 270w, http:\/\/www.muzeum.diecezja.org\/muzeum\/wp-content\/uploads\/2025\/03\/IMG_3378-768x512.jpg 768w, http:\/\/www.muzeum.diecezja.org\/muzeum\/wp-content\/uploads\/2025\/03\/IMG_3378-1536x1024.jpg 1536w, http:\/\/www.muzeum.diecezja.org\/muzeum\/wp-content\/uploads\/2025\/03\/IMG_3378-2048x1365.jpg 2048w\" sizes=\"(max-width: 2560px) 100vw, 2560px\" \/> <img loading=\"lazy\" decoding=\"async\" class=\"alignnone size-full wp-image-2931\" src=\"http:\/\/www.muzeum.diecezja.org\/muzeum\/wp-content\/uploads\/2025\/03\/IMG_3385-1-scaled.jpg\" alt=\"\" width=\"2560\" height=\"1707\" srcset=\"http:\/\/www.muzeum.diecezja.org\/muzeum\/wp-content\/uploads\/2025\/03\/IMG_3385-1-scaled.jpg 2560w, http:\/\/www.muzeum.diecezja.org\/muzeum\/wp-content\/uploads\/2025\/03\/IMG_3385-1-300x200.jpg 300w, http:\/\/www.muzeum.diecezja.org\/muzeum\/wp-content\/uploads\/2025\/03\/IMG_3385-1-270x180.jpg 270w, http:\/\/www.muzeum.diecezja.org\/muzeum\/wp-content\/uploads\/2025\/03\/IMG_3385-1-768x512.jpg 768w, http:\/\/www.muzeum.diecezja.org\/muzeum\/wp-content\/uploads\/2025\/03\/IMG_3385-1-1536x1024.jpg 1536w, http:\/\/www.muzeum.diecezja.org\/muzeum\/wp-content\/uploads\/2025\/03\/IMG_3385-1-2048x1365.jpg 2048w\" sizes=\"(max-width: 2560px) 100vw, 2560px\" \/> <img loading=\"lazy\" decoding=\"async\" class=\"alignnone size-full wp-image-2932\" src=\"http:\/\/www.muzeum.diecezja.org\/muzeum\/wp-content\/uploads\/2025\/03\/IMG_3388-scaled.jpg\" alt=\"\" width=\"2560\" height=\"1707\" srcset=\"http:\/\/www.muzeum.diecezja.org\/muzeum\/wp-content\/uploads\/2025\/03\/IMG_3388-scaled.jpg 2560w, http:\/\/www.muzeum.diecezja.org\/muzeum\/wp-content\/uploads\/2025\/03\/IMG_3388-300x200.jpg 300w, http:\/\/www.muzeum.diecezja.org\/muzeum\/wp-content\/uploads\/2025\/03\/IMG_3388-270x180.jpg 270w, http:\/\/www.muzeum.diecezja.org\/muzeum\/wp-content\/uploads\/2025\/03\/IMG_3388-768x512.jpg 768w, http:\/\/www.muzeum.diecezja.org\/muzeum\/wp-content\/uploads\/2025\/03\/IMG_3388-1536x1024.jpg 1536w, http:\/\/www.muzeum.diecezja.org\/muzeum\/wp-content\/uploads\/2025\/03\/IMG_3388-2048x1365.jpg 2048w\" sizes=\"(max-width: 2560px) 100vw, 2560px\" \/> <img loading=\"lazy\" decoding=\"async\" class=\"alignnone size-full wp-image-2933\" src=\"http:\/\/www.muzeum.diecezja.org\/muzeum\/wp-content\/uploads\/2025\/03\/IMG_3408-scaled.jpg\" alt=\"\" width=\"2560\" height=\"1707\" srcset=\"http:\/\/www.muzeum.diecezja.org\/muzeum\/wp-content\/uploads\/2025\/03\/IMG_3408-scaled.jpg 2560w, http:\/\/www.muzeum.diecezja.org\/muzeum\/wp-content\/uploads\/2025\/03\/IMG_3408-300x200.jpg 300w, http:\/\/www.muzeum.diecezja.org\/muzeum\/wp-content\/uploads\/2025\/03\/IMG_3408-270x180.jpg 270w, http:\/\/www.muzeum.diecezja.org\/muzeum\/wp-content\/uploads\/2025\/03\/IMG_3408-768x512.jpg 768w, http:\/\/www.muzeum.diecezja.org\/muzeum\/wp-content\/uploads\/2025\/03\/IMG_3408-1536x1024.jpg 1536w, http:\/\/www.muzeum.diecezja.org\/muzeum\/wp-content\/uploads\/2025\/03\/IMG_3408-2048x1365.jpg 2048w\" sizes=\"(max-width: 2560px) 100vw, 2560px\" \/> <img loading=\"lazy\" decoding=\"async\" class=\"alignnone size-full wp-image-2934\" src=\"http:\/\/www.muzeum.diecezja.org\/muzeum\/wp-content\/uploads\/2025\/03\/IMG_3411-scaled.jpg\" alt=\"\" width=\"2560\" height=\"1707\" srcset=\"http:\/\/www.muzeum.diecezja.org\/muzeum\/wp-content\/uploads\/2025\/03\/IMG_3411-scaled.jpg 2560w, http:\/\/www.muzeum.diecezja.org\/muzeum\/wp-content\/uploads\/2025\/03\/IMG_3411-300x200.jpg 300w, http:\/\/www.muzeum.diecezja.org\/muzeum\/wp-content\/uploads\/2025\/03\/IMG_3411-270x180.jpg 270w, http:\/\/www.muzeum.diecezja.org\/muzeum\/wp-content\/uploads\/2025\/03\/IMG_3411-768x512.jpg 768w, http:\/\/www.muzeum.diecezja.org\/muzeum\/wp-content\/uploads\/2025\/03\/IMG_3411-1536x1024.jpg 1536w, http:\/\/www.muzeum.diecezja.org\/muzeum\/wp-content\/uploads\/2025\/03\/IMG_3411-2048x1365.jpg 2048w\" sizes=\"(max-width: 2560px) 100vw, 2560px\" \/> <img loading=\"lazy\" decoding=\"async\" class=\"alignnone size-full wp-image-2935\" src=\"http:\/\/www.muzeum.diecezja.org\/muzeum\/wp-content\/uploads\/2025\/03\/IMG_3418-scaled.jpg\" alt=\"\" width=\"2560\" height=\"1707\" srcset=\"http:\/\/www.muzeum.diecezja.org\/muzeum\/wp-content\/uploads\/2025\/03\/IMG_3418-scaled.jpg 2560w, http:\/\/www.muzeum.diecezja.org\/muzeum\/wp-content\/uploads\/2025\/03\/IMG_3418-300x200.jpg 300w, http:\/\/www.muzeum.diecezja.org\/muzeum\/wp-content\/uploads\/2025\/03\/IMG_3418-270x180.jpg 270w, http:\/\/www.muzeum.diecezja.org\/muzeum\/wp-content\/uploads\/2025\/03\/IMG_3418-768x512.jpg 768w, http:\/\/www.muzeum.diecezja.org\/muzeum\/wp-content\/uploads\/2025\/03\/IMG_3418-1536x1024.jpg 1536w, http:\/\/www.muzeum.diecezja.org\/muzeum\/wp-content\/uploads\/2025\/03\/IMG_3418-2048x1365.jpg 2048w\" sizes=\"(max-width: 2560px) 100vw, 2560px\" \/> <img loading=\"lazy\" decoding=\"async\" class=\"alignnone size-full wp-image-2936\" src=\"http:\/\/www.muzeum.diecezja.org\/muzeum\/wp-content\/uploads\/2025\/03\/IMG_3422-scaled.jpg\" alt=\"\" width=\"2560\" height=\"1707\" srcset=\"http:\/\/www.muzeum.diecezja.org\/muzeum\/wp-content\/uploads\/2025\/03\/IMG_3422-scaled.jpg 2560w, http:\/\/www.muzeum.diecezja.org\/muzeum\/wp-content\/uploads\/2025\/03\/IMG_3422-300x200.jpg 300w, http:\/\/www.muzeum.diecezja.org\/muzeum\/wp-content\/uploads\/2025\/03\/IMG_3422-270x180.jpg 270w, http:\/\/www.muzeum.diecezja.org\/muzeum\/wp-content\/uploads\/2025\/03\/IMG_3422-768x512.jpg 768w, http:\/\/www.muzeum.diecezja.org\/muzeum\/wp-content\/uploads\/2025\/03\/IMG_3422-1536x1024.jpg 1536w, http:\/\/www.muzeum.diecezja.org\/muzeum\/wp-content\/uploads\/2025\/03\/IMG_3422-2048x1365.jpg 2048w\" sizes=\"(max-width: 2560px) 100vw, 2560px\" \/> <img loading=\"lazy\" decoding=\"async\" class=\"alignnone size-full wp-image-2937\" src=\"http:\/\/www.muzeum.diecezja.org\/muzeum\/wp-content\/uploads\/2025\/03\/IMG_3425-scaled.jpg\" alt=\"\" width=\"2560\" height=\"1707\" srcset=\"http:\/\/www.muzeum.diecezja.org\/muzeum\/wp-content\/uploads\/2025\/03\/IMG_3425-scaled.jpg 2560w, http:\/\/www.muzeum.diecezja.org\/muzeum\/wp-content\/uploads\/2025\/03\/IMG_3425-300x200.jpg 300w, http:\/\/www.muzeum.diecezja.org\/muzeum\/wp-content\/uploads\/2025\/03\/IMG_3425-270x180.jpg 270w, http:\/\/www.muzeum.diecezja.org\/muzeum\/wp-content\/uploads\/2025\/03\/IMG_3425-768x512.jpg 768w, http:\/\/www.muzeum.diecezja.org\/muzeum\/wp-content\/uploads\/2025\/03\/IMG_3425-1536x1024.jpg 1536w, http:\/\/www.muzeum.diecezja.org\/muzeum\/wp-content\/uploads\/2025\/03\/IMG_3425-2048x1365.jpg 2048w\" sizes=\"(max-width: 2560px) 100vw, 2560px\" \/> <img loading=\"lazy\" decoding=\"async\" class=\"alignnone size-full wp-image-2938\" src=\"http:\/\/www.muzeum.diecezja.org\/muzeum\/wp-content\/uploads\/2025\/03\/IMG_3462-scaled.jpg\" alt=\"\" width=\"2560\" height=\"1707\" srcset=\"http:\/\/www.muzeum.diecezja.org\/muzeum\/wp-content\/uploads\/2025\/03\/IMG_3462-scaled.jpg 2560w, http:\/\/www.muzeum.diecezja.org\/muzeum\/wp-content\/uploads\/2025\/03\/IMG_3462-300x200.jpg 300w, http:\/\/www.muzeum.diecezja.org\/muzeum\/wp-content\/uploads\/2025\/03\/IMG_3462-270x180.jpg 270w, http:\/\/www.muzeum.diecezja.org\/muzeum\/wp-content\/uploads\/2025\/03\/IMG_3462-768x512.jpg 768w, http:\/\/www.muzeum.diecezja.org\/muzeum\/wp-content\/uploads\/2025\/03\/IMG_3462-1536x1024.jpg 1536w, http:\/\/www.muzeum.diecezja.org\/muzeum\/wp-content\/uploads\/2025\/03\/IMG_3462-2048x1365.jpg 2048w\" sizes=\"(max-width: 2560px) 100vw, 2560px\" \/> <img loading=\"lazy\" decoding=\"async\" class=\"alignnone size-full wp-image-2939\" src=\"http:\/\/www.muzeum.diecezja.org\/muzeum\/wp-content\/uploads\/2025\/03\/IMG_3479-scaled.jpg\" alt=\"\" width=\"2560\" height=\"1707\" srcset=\"http:\/\/www.muzeum.diecezja.org\/muzeum\/wp-content\/uploads\/2025\/03\/IMG_3479-scaled.jpg 2560w, http:\/\/www.muzeum.diecezja.org\/muzeum\/wp-content\/uploads\/2025\/03\/IMG_3479-300x200.jpg 300w, http:\/\/www.muzeum.diecezja.org\/muzeum\/wp-content\/uploads\/2025\/03\/IMG_3479-270x180.jpg 270w, http:\/\/www.muzeum.diecezja.org\/muzeum\/wp-content\/uploads\/2025\/03\/IMG_3479-768x512.jpg 768w, http:\/\/www.muzeum.diecezja.org\/muzeum\/wp-content\/uploads\/2025\/03\/IMG_3479-1536x1024.jpg 1536w, http:\/\/www.muzeum.diecezja.org\/muzeum\/wp-content\/uploads\/2025\/03\/IMG_3479-2048x1365.jpg 2048w\" sizes=\"(max-width: 2560px) 100vw, 2560px\" \/> <img loading=\"lazy\" decoding=\"async\" class=\"alignnone size-full wp-image-2940\" src=\"http:\/\/www.muzeum.diecezja.org\/muzeum\/wp-content\/uploads\/2025\/03\/IMG_3488-scaled.jpg\" alt=\"\" width=\"2560\" height=\"1707\" srcset=\"http:\/\/www.muzeum.diecezja.org\/muzeum\/wp-content\/uploads\/2025\/03\/IMG_3488-scaled.jpg 2560w, http:\/\/www.muzeum.diecezja.org\/muzeum\/wp-content\/uploads\/2025\/03\/IMG_3488-300x200.jpg 300w, http:\/\/www.muzeum.diecezja.org\/muzeum\/wp-content\/uploads\/2025\/03\/IMG_3488-270x180.jpg 270w, http:\/\/www.muzeum.diecezja.org\/muzeum\/wp-content\/uploads\/2025\/03\/IMG_3488-768x512.jpg 768w, http:\/\/www.muzeum.diecezja.org\/muzeum\/wp-content\/uploads\/2025\/03\/IMG_3488-1536x1024.jpg 1536w, http:\/\/www.muzeum.diecezja.org\/muzeum\/wp-content\/uploads\/2025\/03\/IMG_3488-2048x1365.jpg 2048w\" sizes=\"(max-width: 2560px) 100vw, 2560px\" \/> <img loading=\"lazy\" decoding=\"async\" class=\"alignnone size-full wp-image-2941\" src=\"http:\/\/www.muzeum.diecezja.org\/muzeum\/wp-content\/uploads\/2025\/03\/IMG_3490-scaled.jpg\" alt=\"\" width=\"2560\" height=\"1707\" srcset=\"http:\/\/www.muzeum.diecezja.org\/muzeum\/wp-content\/uploads\/2025\/03\/IMG_3490-scaled.jpg 2560w, http:\/\/www.muzeum.diecezja.org\/muzeum\/wp-content\/uploads\/2025\/03\/IMG_3490-300x200.jpg 300w, http:\/\/www.muzeum.diecezja.org\/muzeum\/wp-content\/uploads\/2025\/03\/IMG_3490-270x180.jpg 270w, http:\/\/www.muzeum.diecezja.org\/muzeum\/wp-content\/uploads\/2025\/03\/IMG_3490-768x512.jpg 768w, http:\/\/www.muzeum.diecezja.org\/muzeum\/wp-content\/uploads\/2025\/03\/IMG_3490-1536x1024.jpg 1536w, http:\/\/www.muzeum.diecezja.org\/muzeum\/wp-content\/uploads\/2025\/03\/IMG_3490-2048x1365.jpg 2048w\" sizes=\"(max-width: 2560px) 100vw, 2560px\" \/> <img loading=\"lazy\" decoding=\"async\" class=\"alignnone size-full wp-image-2942\" src=\"http:\/\/www.muzeum.diecezja.org\/muzeum\/wp-content\/uploads\/2025\/03\/IMG_3498-scaled.jpg\" alt=\"\" width=\"2560\" height=\"1707\" srcset=\"http:\/\/www.muzeum.diecezja.org\/muzeum\/wp-content\/uploads\/2025\/03\/IMG_3498-scaled.jpg 2560w, http:\/\/www.muzeum.diecezja.org\/muzeum\/wp-content\/uploads\/2025\/03\/IMG_3498-300x200.jpg 300w, http:\/\/www.muzeum.diecezja.org\/muzeum\/wp-content\/uploads\/2025\/03\/IMG_3498-270x180.jpg 270w, http:\/\/www.muzeum.diecezja.org\/muzeum\/wp-content\/uploads\/2025\/03\/IMG_3498-768x512.jpg 768w, http:\/\/www.muzeum.diecezja.org\/muzeum\/wp-content\/uploads\/2025\/03\/IMG_3498-1536x1024.jpg 1536w, http:\/\/www.muzeum.diecezja.org\/muzeum\/wp-content\/uploads\/2025\/03\/IMG_3498-2048x1365.jpg 2048w\" sizes=\"(max-width: 2560px) 100vw, 2560px\" \/><\/p>\n","protected":false},"excerpt":{"rendered":"<p>Dnia 28.03.2025 roku odby\u0142o si\u0119 otwarcie ekspozycji sta\u0142ej Wok\u00f3\u0142 Pelpli\u0144skiej Biblii\u00a0 Gutenberga\u00a0 &nbsp; Na wst\u0119pie nast\u0105pi\u0142o powitanie uczestnik\u00f3w przez ks. Krystian Feddeka, dyrektora Muzeum Diecezjalnego w Pelplinie . Dr hab. Juliusz Raczkowski, prof. UMK, Wydzia\u0142 Sztuk Pi\u0119knych UMK w Toruniu wprowadzi\u0142 zebranych go\u015bci w temat\u00a0 wystawy sta\u0142ej Wok\u00f3\u0142 Pelpli\u0144skiej Biblii Gutenberga i podsumowa\u0142 II etap &hellip; <a href=\"http:\/\/www.muzeum.diecezja.org\/muzeum\/otwarcie-ekspozycji-stalej-wokol-pelplinskiej-biblii-gutenberga\/\" class=\"more-link\">Czytaj dalej <span class=\"screen-reader-text\">Otwarcie ekspozycji sta\u0142ej Wok\u00f3\u0142 Pelpli\u0144skiej Biblii  Gutenberga<\/span><\/a><\/p>\n","protected":false},"author":5,"featured_media":2914,"comment_status":"closed","ping_status":"open","sticky":false,"template":"","format":"standard","meta":[],"categories":[1],"tags":[],"_links":{"self":[{"href":"http:\/\/www.muzeum.diecezja.org\/muzeum\/wp-json\/wp\/v2\/posts\/2912"}],"collection":[{"href":"http:\/\/www.muzeum.diecezja.org\/muzeum\/wp-json\/wp\/v2\/posts"}],"about":[{"href":"http:\/\/www.muzeum.diecezja.org\/muzeum\/wp-json\/wp\/v2\/types\/post"}],"author":[{"embeddable":true,"href":"http:\/\/www.muzeum.diecezja.org\/muzeum\/wp-json\/wp\/v2\/users\/5"}],"replies":[{"embeddable":true,"href":"http:\/\/www.muzeum.diecezja.org\/muzeum\/wp-json\/wp\/v2\/comments?post=2912"}],"version-history":[{"count":4,"href":"http:\/\/www.muzeum.diecezja.org\/muzeum\/wp-json\/wp\/v2\/posts\/2912\/revisions"}],"predecessor-version":[{"id":2946,"href":"http:\/\/www.muzeum.diecezja.org\/muzeum\/wp-json\/wp\/v2\/posts\/2912\/revisions\/2946"}],"wp:featuredmedia":[{"embeddable":true,"href":"http:\/\/www.muzeum.diecezja.org\/muzeum\/wp-json\/wp\/v2\/media\/2914"}],"wp:attachment":[{"href":"http:\/\/www.muzeum.diecezja.org\/muzeum\/wp-json\/wp\/v2\/media?parent=2912"}],"wp:term":[{"taxonomy":"category","embeddable":true,"href":"http:\/\/www.muzeum.diecezja.org\/muzeum\/wp-json\/wp\/v2\/categories?post=2912"},{"taxonomy":"post_tag","embeddable":true,"href":"http:\/\/www.muzeum.diecezja.org\/muzeum\/wp-json\/wp\/v2\/tags?post=2912"}],"curies":[{"name":"wp","href":"https:\/\/api.w.org\/{rel}","templated":true}]}}