{"id":3017,"date":"2025-06-01T15:22:27","date_gmt":"2025-06-01T13:22:27","guid":{"rendered":"http:\/\/www.muzeum.diecezja.org\/muzeum\/?p=3017"},"modified":"2025-06-01T15:22:27","modified_gmt":"2025-06-01T13:22:27","slug":"zapraszamy-do-relacji-z-tegorocznej-nocy-muzeow-2025","status":"publish","type":"post","link":"http:\/\/www.muzeum.diecezja.org\/muzeum\/zapraszamy-do-relacji-z-tegorocznej-nocy-muzeow-2025\/","title":{"rendered":"Zapraszamy do relacji z tegorocznej Nocy Muze\u00f3w 2025 !"},"content":{"rendered":"<div class=\"xdj266r x11i5rnm xat24cr x1mh8g0r x1vvkbs x126k92a\">\n<div dir=\"auto\" style=\"text-align: center;\">Cieszymy si\u0119, \u017ce tegoroczna Noc Muze\u00f3w z Johannesem Gutenbergiem przyci\u0105gn\u0119\u0142a tak wielu entuzjast\u00f3w kultury i historii!<\/div>\n<\/div>\n<div class=\"x11i5rnm xat24cr x1mh8g0r x1vvkbs xtlvy1s x126k92a\" style=\"text-align: center;\">\n<div dir=\"auto\">To niezwyk\u0142e wydarzenie, kt\u00f3re po\u0142\u0105czy\u0142o pasjonat\u00f3w sztuki, nauki i tradycji,\u00a0 \u00a0 \u00a0 \u00a0 \u00a0 \u00a0 \u00a0 <img fetchpriority=\"high\" decoding=\"async\" class=\"alignnone size-full wp-image-3018\" src=\"http:\/\/www.muzeum.diecezja.org\/muzeum\/wp-content\/uploads\/2025\/06\/499855918_1237768308138877_1807468466162103564_n.jpg\" alt=\"\" width=\"2048\" height=\"1365\" srcset=\"http:\/\/www.muzeum.diecezja.org\/muzeum\/wp-content\/uploads\/2025\/06\/499855918_1237768308138877_1807468466162103564_n.jpg 2048w, http:\/\/www.muzeum.diecezja.org\/muzeum\/wp-content\/uploads\/2025\/06\/499855918_1237768308138877_1807468466162103564_n-300x200.jpg 300w, http:\/\/www.muzeum.diecezja.org\/muzeum\/wp-content\/uploads\/2025\/06\/499855918_1237768308138877_1807468466162103564_n-270x180.jpg 270w, http:\/\/www.muzeum.diecezja.org\/muzeum\/wp-content\/uploads\/2025\/06\/499855918_1237768308138877_1807468466162103564_n-768x512.jpg 768w, http:\/\/www.muzeum.diecezja.org\/muzeum\/wp-content\/uploads\/2025\/06\/499855918_1237768308138877_1807468466162103564_n-1536x1024.jpg 1536w\" sizes=\"(max-width: 2048px) 100vw, 2048px\" \/> <img decoding=\"async\" class=\"alignnone size-full wp-image-3019\" src=\"http:\/\/www.muzeum.diecezja.org\/muzeum\/wp-content\/uploads\/2025\/06\/499892526_1237769831472058_2176664442700302286_n.jpg\" alt=\"\" width=\"2048\" height=\"1365\" srcset=\"http:\/\/www.muzeum.diecezja.org\/muzeum\/wp-content\/uploads\/2025\/06\/499892526_1237769831472058_2176664442700302286_n.jpg 2048w, http:\/\/www.muzeum.diecezja.org\/muzeum\/wp-content\/uploads\/2025\/06\/499892526_1237769831472058_2176664442700302286_n-300x200.jpg 300w, http:\/\/www.muzeum.diecezja.org\/muzeum\/wp-content\/uploads\/2025\/06\/499892526_1237769831472058_2176664442700302286_n-270x180.jpg 270w, http:\/\/www.muzeum.diecezja.org\/muzeum\/wp-content\/uploads\/2025\/06\/499892526_1237769831472058_2176664442700302286_n-768x512.jpg 768w, http:\/\/www.muzeum.diecezja.org\/muzeum\/wp-content\/uploads\/2025\/06\/499892526_1237769831472058_2176664442700302286_n-1536x1024.jpg 1536w\" sizes=\"(max-width: 2048px) 100vw, 2048px\" \/> <img decoding=\"async\" class=\"alignnone size-full wp-image-3020\" src=\"http:\/\/www.muzeum.diecezja.org\/muzeum\/wp-content\/uploads\/2025\/06\/499925263_1237769324805442_3714848126118085981_n.jpg\" alt=\"\" width=\"2048\" height=\"1365\" srcset=\"http:\/\/www.muzeum.diecezja.org\/muzeum\/wp-content\/uploads\/2025\/06\/499925263_1237769324805442_3714848126118085981_n.jpg 2048w, http:\/\/www.muzeum.diecezja.org\/muzeum\/wp-content\/uploads\/2025\/06\/499925263_1237769324805442_3714848126118085981_n-300x200.jpg 300w, http:\/\/www.muzeum.diecezja.org\/muzeum\/wp-content\/uploads\/2025\/06\/499925263_1237769324805442_3714848126118085981_n-270x180.jpg 270w, http:\/\/www.muzeum.diecezja.org\/muzeum\/wp-content\/uploads\/2025\/06\/499925263_1237769324805442_3714848126118085981_n-768x512.jpg 768w, http:\/\/www.muzeum.diecezja.org\/muzeum\/wp-content\/uploads\/2025\/06\/499925263_1237769324805442_3714848126118085981_n-1536x1024.jpg 1536w\" sizes=\"(max-width: 2048px) 100vw, 2048px\" \/> <img loading=\"lazy\" decoding=\"async\" class=\"alignnone size-full wp-image-3021\" src=\"http:\/\/www.muzeum.diecezja.org\/muzeum\/wp-content\/uploads\/2025\/06\/499929205_1237770068138701_625581892801731333_n.jpg\" alt=\"\" width=\"2048\" height=\"1365\" srcset=\"http:\/\/www.muzeum.diecezja.org\/muzeum\/wp-content\/uploads\/2025\/06\/499929205_1237770068138701_625581892801731333_n.jpg 2048w, http:\/\/www.muzeum.diecezja.org\/muzeum\/wp-content\/uploads\/2025\/06\/499929205_1237770068138701_625581892801731333_n-300x200.jpg 300w, http:\/\/www.muzeum.diecezja.org\/muzeum\/wp-content\/uploads\/2025\/06\/499929205_1237770068138701_625581892801731333_n-270x180.jpg 270w, http:\/\/www.muzeum.diecezja.org\/muzeum\/wp-content\/uploads\/2025\/06\/499929205_1237770068138701_625581892801731333_n-768x512.jpg 768w, http:\/\/www.muzeum.diecezja.org\/muzeum\/wp-content\/uploads\/2025\/06\/499929205_1237770068138701_625581892801731333_n-1536x1024.jpg 1536w\" sizes=\"(max-width: 2048px) 100vw, 2048px\" \/> <img loading=\"lazy\" decoding=\"async\" class=\"alignnone size-full wp-image-3022\" src=\"http:\/\/www.muzeum.diecezja.org\/muzeum\/wp-content\/uploads\/2025\/06\/499933720_1237767914805583_7339086481489878953_n.jpg\" alt=\"\" width=\"2048\" height=\"1365\" srcset=\"http:\/\/www.muzeum.diecezja.org\/muzeum\/wp-content\/uploads\/2025\/06\/499933720_1237767914805583_7339086481489878953_n.jpg 2048w, http:\/\/www.muzeum.diecezja.org\/muzeum\/wp-content\/uploads\/2025\/06\/499933720_1237767914805583_7339086481489878953_n-300x200.jpg 300w, http:\/\/www.muzeum.diecezja.org\/muzeum\/wp-content\/uploads\/2025\/06\/499933720_1237767914805583_7339086481489878953_n-270x180.jpg 270w, http:\/\/www.muzeum.diecezja.org\/muzeum\/wp-content\/uploads\/2025\/06\/499933720_1237767914805583_7339086481489878953_n-768x512.jpg 768w, http:\/\/www.muzeum.diecezja.org\/muzeum\/wp-content\/uploads\/2025\/06\/499933720_1237767914805583_7339086481489878953_n-1536x1024.jpg 1536w\" sizes=\"(max-width: 2048px) 100vw, 2048px\" \/> <img loading=\"lazy\" decoding=\"async\" class=\"alignnone size-full wp-image-3023\" src=\"http:\/\/www.muzeum.diecezja.org\/muzeum\/wp-content\/uploads\/2025\/06\/499937183_1237769951472046_7025036748900108480_n.jpg\" alt=\"\" width=\"2048\" height=\"1365\" srcset=\"http:\/\/www.muzeum.diecezja.org\/muzeum\/wp-content\/uploads\/2025\/06\/499937183_1237769951472046_7025036748900108480_n.jpg 2048w, http:\/\/www.muzeum.diecezja.org\/muzeum\/wp-content\/uploads\/2025\/06\/499937183_1237769951472046_7025036748900108480_n-300x200.jpg 300w, http:\/\/www.muzeum.diecezja.org\/muzeum\/wp-content\/uploads\/2025\/06\/499937183_1237769951472046_7025036748900108480_n-270x180.jpg 270w, http:\/\/www.muzeum.diecezja.org\/muzeum\/wp-content\/uploads\/2025\/06\/499937183_1237769951472046_7025036748900108480_n-768x512.jpg 768w, http:\/\/www.muzeum.diecezja.org\/muzeum\/wp-content\/uploads\/2025\/06\/499937183_1237769951472046_7025036748900108480_n-1536x1024.jpg 1536w\" sizes=\"(max-width: 2048px) 100vw, 2048px\" \/> <img loading=\"lazy\" decoding=\"async\" class=\"alignnone size-full wp-image-3024\" src=\"http:\/\/www.muzeum.diecezja.org\/muzeum\/wp-content\/uploads\/2025\/06\/499952702_1237770111472030_4996731294042117259_n.jpg\" alt=\"\" width=\"2048\" height=\"1365\" srcset=\"http:\/\/www.muzeum.diecezja.org\/muzeum\/wp-content\/uploads\/2025\/06\/499952702_1237770111472030_4996731294042117259_n.jpg 2048w, http:\/\/www.muzeum.diecezja.org\/muzeum\/wp-content\/uploads\/2025\/06\/499952702_1237770111472030_4996731294042117259_n-300x200.jpg 300w, http:\/\/www.muzeum.diecezja.org\/muzeum\/wp-content\/uploads\/2025\/06\/499952702_1237770111472030_4996731294042117259_n-270x180.jpg 270w, http:\/\/www.muzeum.diecezja.org\/muzeum\/wp-content\/uploads\/2025\/06\/499952702_1237770111472030_4996731294042117259_n-768x512.jpg 768w, http:\/\/www.muzeum.diecezja.org\/muzeum\/wp-content\/uploads\/2025\/06\/499952702_1237770111472030_4996731294042117259_n-1536x1024.jpg 1536w\" sizes=\"(max-width: 2048px) 100vw, 2048px\" \/> <img loading=\"lazy\" decoding=\"async\" class=\"alignnone size-full wp-image-3025\" src=\"http:\/\/www.muzeum.diecezja.org\/muzeum\/wp-content\/uploads\/2025\/06\/499955738_1237769718138736_2194552244161373987_n.jpg\" alt=\"\" width=\"2048\" height=\"1365\" srcset=\"http:\/\/www.muzeum.diecezja.org\/muzeum\/wp-content\/uploads\/2025\/06\/499955738_1237769718138736_2194552244161373987_n.jpg 2048w, http:\/\/www.muzeum.diecezja.org\/muzeum\/wp-content\/uploads\/2025\/06\/499955738_1237769718138736_2194552244161373987_n-300x200.jpg 300w, http:\/\/www.muzeum.diecezja.org\/muzeum\/wp-content\/uploads\/2025\/06\/499955738_1237769718138736_2194552244161373987_n-270x180.jpg 270w, http:\/\/www.muzeum.diecezja.org\/muzeum\/wp-content\/uploads\/2025\/06\/499955738_1237769718138736_2194552244161373987_n-768x512.jpg 768w, http:\/\/www.muzeum.diecezja.org\/muzeum\/wp-content\/uploads\/2025\/06\/499955738_1237769718138736_2194552244161373987_n-1536x1024.jpg 1536w\" sizes=\"(max-width: 2048px) 100vw, 2048px\" \/> <img loading=\"lazy\" decoding=\"async\" class=\"alignnone size-full wp-image-3026\" src=\"http:\/\/www.muzeum.diecezja.org\/muzeum\/wp-content\/uploads\/2025\/06\/499976779_1237767934805581_8894750664492615296_n.jpg\" alt=\"\" width=\"2048\" height=\"1365\" srcset=\"http:\/\/www.muzeum.diecezja.org\/muzeum\/wp-content\/uploads\/2025\/06\/499976779_1237767934805581_8894750664492615296_n.jpg 2048w, http:\/\/www.muzeum.diecezja.org\/muzeum\/wp-content\/uploads\/2025\/06\/499976779_1237767934805581_8894750664492615296_n-300x200.jpg 300w, http:\/\/www.muzeum.diecezja.org\/muzeum\/wp-content\/uploads\/2025\/06\/499976779_1237767934805581_8894750664492615296_n-270x180.jpg 270w, http:\/\/www.muzeum.diecezja.org\/muzeum\/wp-content\/uploads\/2025\/06\/499976779_1237767934805581_8894750664492615296_n-768x512.jpg 768w, http:\/\/www.muzeum.diecezja.org\/muzeum\/wp-content\/uploads\/2025\/06\/499976779_1237767934805581_8894750664492615296_n-1536x1024.jpg 1536w\" sizes=\"(max-width: 2048px) 100vw, 2048px\" \/> <img loading=\"lazy\" decoding=\"async\" class=\"alignnone size-full wp-image-3027\" src=\"http:\/\/www.muzeum.diecezja.org\/muzeum\/wp-content\/uploads\/2025\/06\/499997187_1237768508138857_6745168887400158900_n.jpg\" alt=\"\" width=\"2048\" height=\"1365\" srcset=\"http:\/\/www.muzeum.diecezja.org\/muzeum\/wp-content\/uploads\/2025\/06\/499997187_1237768508138857_6745168887400158900_n.jpg 2048w, http:\/\/www.muzeum.diecezja.org\/muzeum\/wp-content\/uploads\/2025\/06\/499997187_1237768508138857_6745168887400158900_n-300x200.jpg 300w, http:\/\/www.muzeum.diecezja.org\/muzeum\/wp-content\/uploads\/2025\/06\/499997187_1237768508138857_6745168887400158900_n-270x180.jpg 270w, http:\/\/www.muzeum.diecezja.org\/muzeum\/wp-content\/uploads\/2025\/06\/499997187_1237768508138857_6745168887400158900_n-768x512.jpg 768w, http:\/\/www.muzeum.diecezja.org\/muzeum\/wp-content\/uploads\/2025\/06\/499997187_1237768508138857_6745168887400158900_n-1536x1024.jpg 1536w\" sizes=\"(max-width: 2048px) 100vw, 2048px\" \/> <img loading=\"lazy\" decoding=\"async\" class=\"alignnone size-full wp-image-3028\" src=\"http:\/\/www.muzeum.diecezja.org\/muzeum\/wp-content\/uploads\/2025\/06\/499998005_1237769781472063_824708028307699336_n.jpg\" alt=\"\" width=\"2048\" height=\"1365\" srcset=\"http:\/\/www.muzeum.diecezja.org\/muzeum\/wp-content\/uploads\/2025\/06\/499998005_1237769781472063_824708028307699336_n.jpg 2048w, http:\/\/www.muzeum.diecezja.org\/muzeum\/wp-content\/uploads\/2025\/06\/499998005_1237769781472063_824708028307699336_n-300x200.jpg 300w, http:\/\/www.muzeum.diecezja.org\/muzeum\/wp-content\/uploads\/2025\/06\/499998005_1237769781472063_824708028307699336_n-270x180.jpg 270w, http:\/\/www.muzeum.diecezja.org\/muzeum\/wp-content\/uploads\/2025\/06\/499998005_1237769781472063_824708028307699336_n-768x512.jpg 768w, http:\/\/www.muzeum.diecezja.org\/muzeum\/wp-content\/uploads\/2025\/06\/499998005_1237769781472063_824708028307699336_n-1536x1024.jpg 1536w\" sizes=\"(max-width: 2048px) 100vw, 2048px\" \/> <img loading=\"lazy\" decoding=\"async\" class=\"alignnone size-full wp-image-3029\" src=\"http:\/\/www.muzeum.diecezja.org\/muzeum\/wp-content\/uploads\/2025\/06\/500092895_1237769888138719_5862659140882098023_n.jpg\" alt=\"\" width=\"2048\" height=\"1365\" srcset=\"http:\/\/www.muzeum.diecezja.org\/muzeum\/wp-content\/uploads\/2025\/06\/500092895_1237769888138719_5862659140882098023_n.jpg 2048w, http:\/\/www.muzeum.diecezja.org\/muzeum\/wp-content\/uploads\/2025\/06\/500092895_1237769888138719_5862659140882098023_n-300x200.jpg 300w, http:\/\/www.muzeum.diecezja.org\/muzeum\/wp-content\/uploads\/2025\/06\/500092895_1237769888138719_5862659140882098023_n-270x180.jpg 270w, http:\/\/www.muzeum.diecezja.org\/muzeum\/wp-content\/uploads\/2025\/06\/500092895_1237769888138719_5862659140882098023_n-768x512.jpg 768w, http:\/\/www.muzeum.diecezja.org\/muzeum\/wp-content\/uploads\/2025\/06\/500092895_1237769888138719_5862659140882098023_n-1536x1024.jpg 1536w\" sizes=\"(max-width: 2048px) 100vw, 2048px\" \/> <img loading=\"lazy\" decoding=\"async\" class=\"alignnone size-full wp-image-3030\" src=\"http:\/\/www.muzeum.diecezja.org\/muzeum\/wp-content\/uploads\/2025\/06\/500093691_1237769208138787_614464456412094073_n.jpg\" alt=\"\" width=\"2048\" height=\"1365\" srcset=\"http:\/\/www.muzeum.diecezja.org\/muzeum\/wp-content\/uploads\/2025\/06\/500093691_1237769208138787_614464456412094073_n.jpg 2048w, http:\/\/www.muzeum.diecezja.org\/muzeum\/wp-content\/uploads\/2025\/06\/500093691_1237769208138787_614464456412094073_n-300x200.jpg 300w, http:\/\/www.muzeum.diecezja.org\/muzeum\/wp-content\/uploads\/2025\/06\/500093691_1237769208138787_614464456412094073_n-270x180.jpg 270w, http:\/\/www.muzeum.diecezja.org\/muzeum\/wp-content\/uploads\/2025\/06\/500093691_1237769208138787_614464456412094073_n-768x512.jpg 768w, http:\/\/www.muzeum.diecezja.org\/muzeum\/wp-content\/uploads\/2025\/06\/500093691_1237769208138787_614464456412094073_n-1536x1024.jpg 1536w\" sizes=\"(max-width: 2048px) 100vw, 2048px\" \/> <img loading=\"lazy\" decoding=\"async\" class=\"alignnone size-full wp-image-3031\" src=\"http:\/\/www.muzeum.diecezja.org\/muzeum\/wp-content\/uploads\/2025\/06\/500110141_1237769414805433_6473382274483315354_n.jpg\" alt=\"\" width=\"2048\" height=\"1365\" srcset=\"http:\/\/www.muzeum.diecezja.org\/muzeum\/wp-content\/uploads\/2025\/06\/500110141_1237769414805433_6473382274483315354_n.jpg 2048w, http:\/\/www.muzeum.diecezja.org\/muzeum\/wp-content\/uploads\/2025\/06\/500110141_1237769414805433_6473382274483315354_n-300x200.jpg 300w, http:\/\/www.muzeum.diecezja.org\/muzeum\/wp-content\/uploads\/2025\/06\/500110141_1237769414805433_6473382274483315354_n-270x180.jpg 270w, http:\/\/www.muzeum.diecezja.org\/muzeum\/wp-content\/uploads\/2025\/06\/500110141_1237769414805433_6473382274483315354_n-768x512.jpg 768w, http:\/\/www.muzeum.diecezja.org\/muzeum\/wp-content\/uploads\/2025\/06\/500110141_1237769414805433_6473382274483315354_n-1536x1024.jpg 1536w\" sizes=\"(max-width: 2048px) 100vw, 2048px\" \/> <img loading=\"lazy\" decoding=\"async\" class=\"alignnone size-full wp-image-3032\" src=\"http:\/\/www.muzeum.diecezja.org\/muzeum\/wp-content\/uploads\/2025\/06\/500119687_1237769808138727_6454689350104851283_n.jpg\" alt=\"\" width=\"2048\" height=\"1365\" srcset=\"http:\/\/www.muzeum.diecezja.org\/muzeum\/wp-content\/uploads\/2025\/06\/500119687_1237769808138727_6454689350104851283_n.jpg 2048w, http:\/\/www.muzeum.diecezja.org\/muzeum\/wp-content\/uploads\/2025\/06\/500119687_1237769808138727_6454689350104851283_n-300x200.jpg 300w, http:\/\/www.muzeum.diecezja.org\/muzeum\/wp-content\/uploads\/2025\/06\/500119687_1237769808138727_6454689350104851283_n-270x180.jpg 270w, http:\/\/www.muzeum.diecezja.org\/muzeum\/wp-content\/uploads\/2025\/06\/500119687_1237769808138727_6454689350104851283_n-768x512.jpg 768w, http:\/\/www.muzeum.diecezja.org\/muzeum\/wp-content\/uploads\/2025\/06\/500119687_1237769808138727_6454689350104851283_n-1536x1024.jpg 1536w\" sizes=\"(max-width: 2048px) 100vw, 2048px\" \/> <img loading=\"lazy\" decoding=\"async\" class=\"alignnone size-full wp-image-3033\" src=\"http:\/\/www.muzeum.diecezja.org\/muzeum\/wp-content\/uploads\/2025\/06\/500119718_1237767954805579_1798995491659771012_n.jpg\" alt=\"\" width=\"2048\" height=\"1365\" srcset=\"http:\/\/www.muzeum.diecezja.org\/muzeum\/wp-content\/uploads\/2025\/06\/500119718_1237767954805579_1798995491659771012_n.jpg 2048w, http:\/\/www.muzeum.diecezja.org\/muzeum\/wp-content\/uploads\/2025\/06\/500119718_1237767954805579_1798995491659771012_n-300x200.jpg 300w, http:\/\/www.muzeum.diecezja.org\/muzeum\/wp-content\/uploads\/2025\/06\/500119718_1237767954805579_1798995491659771012_n-270x180.jpg 270w, http:\/\/www.muzeum.diecezja.org\/muzeum\/wp-content\/uploads\/2025\/06\/500119718_1237767954805579_1798995491659771012_n-768x512.jpg 768w, http:\/\/www.muzeum.diecezja.org\/muzeum\/wp-content\/uploads\/2025\/06\/500119718_1237767954805579_1798995491659771012_n-1536x1024.jpg 1536w\" sizes=\"(max-width: 2048px) 100vw, 2048px\" \/> <img loading=\"lazy\" decoding=\"async\" class=\"alignnone size-full wp-image-3034\" src=\"http:\/\/www.muzeum.diecezja.org\/muzeum\/wp-content\/uploads\/2025\/06\/500127745_1237769751472066_296543303182400956_n.jpg\" alt=\"\" width=\"2048\" height=\"1365\" srcset=\"http:\/\/www.muzeum.diecezja.org\/muzeum\/wp-content\/uploads\/2025\/06\/500127745_1237769751472066_296543303182400956_n.jpg 2048w, http:\/\/www.muzeum.diecezja.org\/muzeum\/wp-content\/uploads\/2025\/06\/500127745_1237769751472066_296543303182400956_n-300x200.jpg 300w, http:\/\/www.muzeum.diecezja.org\/muzeum\/wp-content\/uploads\/2025\/06\/500127745_1237769751472066_296543303182400956_n-270x180.jpg 270w, http:\/\/www.muzeum.diecezja.org\/muzeum\/wp-content\/uploads\/2025\/06\/500127745_1237769751472066_296543303182400956_n-768x512.jpg 768w, http:\/\/www.muzeum.diecezja.org\/muzeum\/wp-content\/uploads\/2025\/06\/500127745_1237769751472066_296543303182400956_n-1536x1024.jpg 1536w\" sizes=\"(max-width: 2048px) 100vw, 2048px\" \/> <img loading=\"lazy\" decoding=\"async\" class=\"alignnone size-full wp-image-3035\" src=\"http:\/\/www.muzeum.diecezja.org\/muzeum\/wp-content\/uploads\/2025\/06\/500168492_1237770151472026_2349658322210083757_n.jpg\" alt=\"\" width=\"2048\" height=\"1365\" srcset=\"http:\/\/www.muzeum.diecezja.org\/muzeum\/wp-content\/uploads\/2025\/06\/500168492_1237770151472026_2349658322210083757_n.jpg 2048w, http:\/\/www.muzeum.diecezja.org\/muzeum\/wp-content\/uploads\/2025\/06\/500168492_1237770151472026_2349658322210083757_n-300x200.jpg 300w, http:\/\/www.muzeum.diecezja.org\/muzeum\/wp-content\/uploads\/2025\/06\/500168492_1237770151472026_2349658322210083757_n-270x180.jpg 270w, http:\/\/www.muzeum.diecezja.org\/muzeum\/wp-content\/uploads\/2025\/06\/500168492_1237770151472026_2349658322210083757_n-768x512.jpg 768w, http:\/\/www.muzeum.diecezja.org\/muzeum\/wp-content\/uploads\/2025\/06\/500168492_1237770151472026_2349658322210083757_n-1536x1024.jpg 1536w\" sizes=\"(max-width: 2048px) 100vw, 2048px\" \/> <img loading=\"lazy\" decoding=\"async\" class=\"alignnone size-full wp-image-3036\" src=\"http:\/\/www.muzeum.diecezja.org\/muzeum\/wp-content\/uploads\/2025\/06\/500172137_1237769278138780_6296136532306014638_n.jpg\" alt=\"\" width=\"2048\" height=\"1365\" srcset=\"http:\/\/www.muzeum.diecezja.org\/muzeum\/wp-content\/uploads\/2025\/06\/500172137_1237769278138780_6296136532306014638_n.jpg 2048w, http:\/\/www.muzeum.diecezja.org\/muzeum\/wp-content\/uploads\/2025\/06\/500172137_1237769278138780_6296136532306014638_n-300x200.jpg 300w, http:\/\/www.muzeum.diecezja.org\/muzeum\/wp-content\/uploads\/2025\/06\/500172137_1237769278138780_6296136532306014638_n-270x180.jpg 270w, http:\/\/www.muzeum.diecezja.org\/muzeum\/wp-content\/uploads\/2025\/06\/500172137_1237769278138780_6296136532306014638_n-768x512.jpg 768w, http:\/\/www.muzeum.diecezja.org\/muzeum\/wp-content\/uploads\/2025\/06\/500172137_1237769278138780_6296136532306014638_n-1536x1024.jpg 1536w\" sizes=\"(max-width: 2048px) 100vw, 2048px\" \/> <img loading=\"lazy\" decoding=\"async\" class=\"alignnone size-full wp-image-3037\" src=\"http:\/\/www.muzeum.diecezja.org\/muzeum\/wp-content\/uploads\/2025\/06\/500258448_1237769494805425_2100060049344729368_n.jpg\" alt=\"\" width=\"2048\" height=\"1365\" srcset=\"http:\/\/www.muzeum.diecezja.org\/muzeum\/wp-content\/uploads\/2025\/06\/500258448_1237769494805425_2100060049344729368_n.jpg 2048w, http:\/\/www.muzeum.diecezja.org\/muzeum\/wp-content\/uploads\/2025\/06\/500258448_1237769494805425_2100060049344729368_n-300x200.jpg 300w, http:\/\/www.muzeum.diecezja.org\/muzeum\/wp-content\/uploads\/2025\/06\/500258448_1237769494805425_2100060049344729368_n-270x180.jpg 270w, http:\/\/www.muzeum.diecezja.org\/muzeum\/wp-content\/uploads\/2025\/06\/500258448_1237769494805425_2100060049344729368_n-768x512.jpg 768w, http:\/\/www.muzeum.diecezja.org\/muzeum\/wp-content\/uploads\/2025\/06\/500258448_1237769494805425_2100060049344729368_n-1536x1024.jpg 1536w\" sizes=\"(max-width: 2048px) 100vw, 2048px\" \/> <img loading=\"lazy\" decoding=\"async\" class=\"alignnone size-full wp-image-3038\" src=\"http:\/\/www.muzeum.diecezja.org\/muzeum\/wp-content\/uploads\/2025\/06\/500267912_1237769051472136_8418892634850405762_n.jpg\" alt=\"\" width=\"1365\" height=\"2048\" srcset=\"http:\/\/www.muzeum.diecezja.org\/muzeum\/wp-content\/uploads\/2025\/06\/500267912_1237769051472136_8418892634850405762_n.jpg 1365w, http:\/\/www.muzeum.diecezja.org\/muzeum\/wp-content\/uploads\/2025\/06\/500267912_1237769051472136_8418892634850405762_n-200x300.jpg 200w, http:\/\/www.muzeum.diecezja.org\/muzeum\/wp-content\/uploads\/2025\/06\/500267912_1237769051472136_8418892634850405762_n-120x180.jpg 120w, http:\/\/www.muzeum.diecezja.org\/muzeum\/wp-content\/uploads\/2025\/06\/500267912_1237769051472136_8418892634850405762_n-768x1152.jpg 768w, http:\/\/www.muzeum.diecezja.org\/muzeum\/wp-content\/uploads\/2025\/06\/500267912_1237769051472136_8418892634850405762_n-1024x1536.jpg 1024w\" sizes=\"(max-width: 1365px) 100vw, 1365px\" \/> <img loading=\"lazy\" decoding=\"async\" class=\"alignnone size-full wp-image-3039\" src=\"http:\/\/www.muzeum.diecezja.org\/muzeum\/wp-content\/uploads\/2025\/06\/500310178_1237769098138798_3312768700093482376_n.jpg\" alt=\"\" width=\"2048\" height=\"1365\" srcset=\"http:\/\/www.muzeum.diecezja.org\/muzeum\/wp-content\/uploads\/2025\/06\/500310178_1237769098138798_3312768700093482376_n.jpg 2048w, http:\/\/www.muzeum.diecezja.org\/muzeum\/wp-content\/uploads\/2025\/06\/500310178_1237769098138798_3312768700093482376_n-300x200.jpg 300w, http:\/\/www.muzeum.diecezja.org\/muzeum\/wp-content\/uploads\/2025\/06\/500310178_1237769098138798_3312768700093482376_n-270x180.jpg 270w, http:\/\/www.muzeum.diecezja.org\/muzeum\/wp-content\/uploads\/2025\/06\/500310178_1237769098138798_3312768700093482376_n-768x512.jpg 768w, http:\/\/www.muzeum.diecezja.org\/muzeum\/wp-content\/uploads\/2025\/06\/500310178_1237769098138798_3312768700093482376_n-1536x1024.jpg 1536w\" sizes=\"(max-width: 2048px) 100vw, 2048px\" \/> <img loading=\"lazy\" decoding=\"async\" class=\"alignnone size-full wp-image-3040\" src=\"http:\/\/www.muzeum.diecezja.org\/muzeum\/wp-content\/uploads\/2025\/06\/500379910_1237768948138813_5551692627046513112_n.jpg\" alt=\"\" width=\"2048\" height=\"1365\" srcset=\"http:\/\/www.muzeum.diecezja.org\/muzeum\/wp-content\/uploads\/2025\/06\/500379910_1237768948138813_5551692627046513112_n.jpg 2048w, http:\/\/www.muzeum.diecezja.org\/muzeum\/wp-content\/uploads\/2025\/06\/500379910_1237768948138813_5551692627046513112_n-300x200.jpg 300w, http:\/\/www.muzeum.diecezja.org\/muzeum\/wp-content\/uploads\/2025\/06\/500379910_1237768948138813_5551692627046513112_n-270x180.jpg 270w, http:\/\/www.muzeum.diecezja.org\/muzeum\/wp-content\/uploads\/2025\/06\/500379910_1237768948138813_5551692627046513112_n-768x512.jpg 768w, http:\/\/www.muzeum.diecezja.org\/muzeum\/wp-content\/uploads\/2025\/06\/500379910_1237768948138813_5551692627046513112_n-1536x1024.jpg 1536w\" sizes=\"(max-width: 2048px) 100vw, 2048px\" \/> <img loading=\"lazy\" decoding=\"async\" class=\"alignnone size-full wp-image-3041\" src=\"http:\/\/www.muzeum.diecezja.org\/muzeum\/wp-content\/uploads\/2025\/06\/500398003_1237770044805370_8345333185491540365_n.jpg\" alt=\"\" width=\"2048\" height=\"1365\" srcset=\"http:\/\/www.muzeum.diecezja.org\/muzeum\/wp-content\/uploads\/2025\/06\/500398003_1237770044805370_8345333185491540365_n.jpg 2048w, http:\/\/www.muzeum.diecezja.org\/muzeum\/wp-content\/uploads\/2025\/06\/500398003_1237770044805370_8345333185491540365_n-300x200.jpg 300w, http:\/\/www.muzeum.diecezja.org\/muzeum\/wp-content\/uploads\/2025\/06\/500398003_1237770044805370_8345333185491540365_n-270x180.jpg 270w, http:\/\/www.muzeum.diecezja.org\/muzeum\/wp-content\/uploads\/2025\/06\/500398003_1237770044805370_8345333185491540365_n-768x512.jpg 768w, http:\/\/www.muzeum.diecezja.org\/muzeum\/wp-content\/uploads\/2025\/06\/500398003_1237770044805370_8345333185491540365_n-1536x1024.jpg 1536w\" sizes=\"(max-width: 2048px) 100vw, 2048px\" \/> <img loading=\"lazy\" decoding=\"async\" class=\"alignnone size-full wp-image-3042\" src=\"http:\/\/www.muzeum.diecezja.org\/muzeum\/wp-content\/uploads\/2025\/06\/500459347_1237769458138762_8232165375388038595_n.jpg\" alt=\"\" width=\"2048\" height=\"1365\" srcset=\"http:\/\/www.muzeum.diecezja.org\/muzeum\/wp-content\/uploads\/2025\/06\/500459347_1237769458138762_8232165375388038595_n.jpg 2048w, http:\/\/www.muzeum.diecezja.org\/muzeum\/wp-content\/uploads\/2025\/06\/500459347_1237769458138762_8232165375388038595_n-300x200.jpg 300w, http:\/\/www.muzeum.diecezja.org\/muzeum\/wp-content\/uploads\/2025\/06\/500459347_1237769458138762_8232165375388038595_n-270x180.jpg 270w, http:\/\/www.muzeum.diecezja.org\/muzeum\/wp-content\/uploads\/2025\/06\/500459347_1237769458138762_8232165375388038595_n-768x512.jpg 768w, http:\/\/www.muzeum.diecezja.org\/muzeum\/wp-content\/uploads\/2025\/06\/500459347_1237769458138762_8232165375388038595_n-1536x1024.jpg 1536w\" sizes=\"(max-width: 2048px) 100vw, 2048px\" \/> <img loading=\"lazy\" decoding=\"async\" class=\"alignnone size-full wp-image-3043\" src=\"http:\/\/www.muzeum.diecezja.org\/muzeum\/wp-content\/uploads\/2025\/06\/500472980_1237769681472073_4545956391069225616_n.jpg\" alt=\"\" width=\"2048\" height=\"1365\" srcset=\"http:\/\/www.muzeum.diecezja.org\/muzeum\/wp-content\/uploads\/2025\/06\/500472980_1237769681472073_4545956391069225616_n.jpg 2048w, http:\/\/www.muzeum.diecezja.org\/muzeum\/wp-content\/uploads\/2025\/06\/500472980_1237769681472073_4545956391069225616_n-300x200.jpg 300w, http:\/\/www.muzeum.diecezja.org\/muzeum\/wp-content\/uploads\/2025\/06\/500472980_1237769681472073_4545956391069225616_n-270x180.jpg 270w, http:\/\/www.muzeum.diecezja.org\/muzeum\/wp-content\/uploads\/2025\/06\/500472980_1237769681472073_4545956391069225616_n-768x512.jpg 768w, http:\/\/www.muzeum.diecezja.org\/muzeum\/wp-content\/uploads\/2025\/06\/500472980_1237769681472073_4545956391069225616_n-1536x1024.jpg 1536w\" sizes=\"(max-width: 2048px) 100vw, 2048px\" \/> <img loading=\"lazy\" decoding=\"async\" class=\"alignnone size-full wp-image-3044\" src=\"http:\/\/www.muzeum.diecezja.org\/muzeum\/wp-content\/uploads\/2025\/06\/500472980_1237769904805384_170506912876241250_n.jpg\" alt=\"\" width=\"2048\" height=\"1365\" srcset=\"http:\/\/www.muzeum.diecezja.org\/muzeum\/wp-content\/uploads\/2025\/06\/500472980_1237769904805384_170506912876241250_n.jpg 2048w, http:\/\/www.muzeum.diecezja.org\/muzeum\/wp-content\/uploads\/2025\/06\/500472980_1237769904805384_170506912876241250_n-300x200.jpg 300w, http:\/\/www.muzeum.diecezja.org\/muzeum\/wp-content\/uploads\/2025\/06\/500472980_1237769904805384_170506912876241250_n-270x180.jpg 270w, http:\/\/www.muzeum.diecezja.org\/muzeum\/wp-content\/uploads\/2025\/06\/500472980_1237769904805384_170506912876241250_n-768x512.jpg 768w, http:\/\/www.muzeum.diecezja.org\/muzeum\/wp-content\/uploads\/2025\/06\/500472980_1237769904805384_170506912876241250_n-1536x1024.jpg 1536w\" sizes=\"(max-width: 2048px) 100vw, 2048px\" \/> <img loading=\"lazy\" decoding=\"async\" class=\"alignnone size-full wp-image-3045\" src=\"http:\/\/www.muzeum.diecezja.org\/muzeum\/wp-content\/uploads\/2025\/06\/500541754_1237769991472042_7837340496148701163_n.jpg\" alt=\"\" width=\"2048\" height=\"1365\" srcset=\"http:\/\/www.muzeum.diecezja.org\/muzeum\/wp-content\/uploads\/2025\/06\/500541754_1237769991472042_7837340496148701163_n.jpg 2048w, http:\/\/www.muzeum.diecezja.org\/muzeum\/wp-content\/uploads\/2025\/06\/500541754_1237769991472042_7837340496148701163_n-300x200.jpg 300w, http:\/\/www.muzeum.diecezja.org\/muzeum\/wp-content\/uploads\/2025\/06\/500541754_1237769991472042_7837340496148701163_n-270x180.jpg 270w, http:\/\/www.muzeum.diecezja.org\/muzeum\/wp-content\/uploads\/2025\/06\/500541754_1237769991472042_7837340496148701163_n-768x512.jpg 768w, http:\/\/www.muzeum.diecezja.org\/muzeum\/wp-content\/uploads\/2025\/06\/500541754_1237769991472042_7837340496148701163_n-1536x1024.jpg 1536w\" sizes=\"(max-width: 2048px) 100vw, 2048px\" \/> <img loading=\"lazy\" decoding=\"async\" class=\"alignnone size-full wp-image-3046\" src=\"http:\/\/www.muzeum.diecezja.org\/muzeum\/wp-content\/uploads\/2025\/06\/500552030_1237769664805408_7741611333207347224_n.jpg\" alt=\"\" width=\"2048\" height=\"1365\" srcset=\"http:\/\/www.muzeum.diecezja.org\/muzeum\/wp-content\/uploads\/2025\/06\/500552030_1237769664805408_7741611333207347224_n.jpg 2048w, http:\/\/www.muzeum.diecezja.org\/muzeum\/wp-content\/uploads\/2025\/06\/500552030_1237769664805408_7741611333207347224_n-300x200.jpg 300w, http:\/\/www.muzeum.diecezja.org\/muzeum\/wp-content\/uploads\/2025\/06\/500552030_1237769664805408_7741611333207347224_n-270x180.jpg 270w, http:\/\/www.muzeum.diecezja.org\/muzeum\/wp-content\/uploads\/2025\/06\/500552030_1237769664805408_7741611333207347224_n-768x512.jpg 768w, http:\/\/www.muzeum.diecezja.org\/muzeum\/wp-content\/uploads\/2025\/06\/500552030_1237769664805408_7741611333207347224_n-1536x1024.jpg 1536w\" sizes=\"(max-width: 2048px) 100vw, 2048px\" \/> <img loading=\"lazy\" decoding=\"async\" class=\"alignnone size-full wp-image-3047\" src=\"http:\/\/www.muzeum.diecezja.org\/muzeum\/wp-content\/uploads\/2025\/06\/500640356_1237769154805459_6653018244235118041_n.jpg\" alt=\"\" width=\"2048\" height=\"1365\" srcset=\"http:\/\/www.muzeum.diecezja.org\/muzeum\/wp-content\/uploads\/2025\/06\/500640356_1237769154805459_6653018244235118041_n.jpg 2048w, http:\/\/www.muzeum.diecezja.org\/muzeum\/wp-content\/uploads\/2025\/06\/500640356_1237769154805459_6653018244235118041_n-300x200.jpg 300w, http:\/\/www.muzeum.diecezja.org\/muzeum\/wp-content\/uploads\/2025\/06\/500640356_1237769154805459_6653018244235118041_n-270x180.jpg 270w, http:\/\/www.muzeum.diecezja.org\/muzeum\/wp-content\/uploads\/2025\/06\/500640356_1237769154805459_6653018244235118041_n-768x512.jpg 768w, http:\/\/www.muzeum.diecezja.org\/muzeum\/wp-content\/uploads\/2025\/06\/500640356_1237769154805459_6653018244235118041_n-1536x1024.jpg 1536w\" sizes=\"(max-width: 2048px) 100vw, 2048px\" \/> <img loading=\"lazy\" decoding=\"async\" class=\"alignnone size-full wp-image-3048\" src=\"http:\/\/www.muzeum.diecezja.org\/muzeum\/wp-content\/uploads\/2025\/06\/500682875_1237768338138874_3041116137995214805_n.jpg\" alt=\"\" width=\"2048\" height=\"1365\" srcset=\"http:\/\/www.muzeum.diecezja.org\/muzeum\/wp-content\/uploads\/2025\/06\/500682875_1237768338138874_3041116137995214805_n.jpg 2048w, http:\/\/www.muzeum.diecezja.org\/muzeum\/wp-content\/uploads\/2025\/06\/500682875_1237768338138874_3041116137995214805_n-300x200.jpg 300w, http:\/\/www.muzeum.diecezja.org\/muzeum\/wp-content\/uploads\/2025\/06\/500682875_1237768338138874_3041116137995214805_n-270x180.jpg 270w, http:\/\/www.muzeum.diecezja.org\/muzeum\/wp-content\/uploads\/2025\/06\/500682875_1237768338138874_3041116137995214805_n-768x512.jpg 768w, http:\/\/www.muzeum.diecezja.org\/muzeum\/wp-content\/uploads\/2025\/06\/500682875_1237768338138874_3041116137995214805_n-1536x1024.jpg 1536w\" sizes=\"(max-width: 2048px) 100vw, 2048px\" \/> <img loading=\"lazy\" decoding=\"async\" class=\"alignnone size-full wp-image-3049\" src=\"http:\/\/www.muzeum.diecezja.org\/muzeum\/wp-content\/uploads\/2025\/06\/500735157_1237769628138745_2253044699117137374_n.jpg\" alt=\"\" width=\"2048\" height=\"1365\" srcset=\"http:\/\/www.muzeum.diecezja.org\/muzeum\/wp-content\/uploads\/2025\/06\/500735157_1237769628138745_2253044699117137374_n.jpg 2048w, http:\/\/www.muzeum.diecezja.org\/muzeum\/wp-content\/uploads\/2025\/06\/500735157_1237769628138745_2253044699117137374_n-300x200.jpg 300w, http:\/\/www.muzeum.diecezja.org\/muzeum\/wp-content\/uploads\/2025\/06\/500735157_1237769628138745_2253044699117137374_n-270x180.jpg 270w, http:\/\/www.muzeum.diecezja.org\/muzeum\/wp-content\/uploads\/2025\/06\/500735157_1237769628138745_2253044699117137374_n-768x512.jpg 768w, http:\/\/www.muzeum.diecezja.org\/muzeum\/wp-content\/uploads\/2025\/06\/500735157_1237769628138745_2253044699117137374_n-1536x1024.jpg 1536w\" sizes=\"(max-width: 2048px) 100vw, 2048px\" \/> <img loading=\"lazy\" decoding=\"async\" class=\"alignnone size-full wp-image-3050\" src=\"http:\/\/www.muzeum.diecezja.org\/muzeum\/wp-content\/uploads\/2025\/06\/500761002_1237769241472117_6327397378199013050_n.jpg\" alt=\"\" width=\"2048\" height=\"1365\" srcset=\"http:\/\/www.muzeum.diecezja.org\/muzeum\/wp-content\/uploads\/2025\/06\/500761002_1237769241472117_6327397378199013050_n.jpg 2048w, http:\/\/www.muzeum.diecezja.org\/muzeum\/wp-content\/uploads\/2025\/06\/500761002_1237769241472117_6327397378199013050_n-300x200.jpg 300w, http:\/\/www.muzeum.diecezja.org\/muzeum\/wp-content\/uploads\/2025\/06\/500761002_1237769241472117_6327397378199013050_n-270x180.jpg 270w, http:\/\/www.muzeum.diecezja.org\/muzeum\/wp-content\/uploads\/2025\/06\/500761002_1237769241472117_6327397378199013050_n-768x512.jpg 768w, http:\/\/www.muzeum.diecezja.org\/muzeum\/wp-content\/uploads\/2025\/06\/500761002_1237769241472117_6327397378199013050_n-1536x1024.jpg 1536w\" sizes=\"(max-width: 2048px) 100vw, 2048px\" \/> <img loading=\"lazy\" decoding=\"async\" class=\"alignnone size-full wp-image-3051\" src=\"http:\/\/www.muzeum.diecezja.org\/muzeum\/wp-content\/uploads\/2025\/06\/500769224_1237770168138691_8253705989149079370_n.jpg\" alt=\"\" width=\"2048\" height=\"1365\" srcset=\"http:\/\/www.muzeum.diecezja.org\/muzeum\/wp-content\/uploads\/2025\/06\/500769224_1237770168138691_8253705989149079370_n.jpg 2048w, http:\/\/www.muzeum.diecezja.org\/muzeum\/wp-content\/uploads\/2025\/06\/500769224_1237770168138691_8253705989149079370_n-300x200.jpg 300w, http:\/\/www.muzeum.diecezja.org\/muzeum\/wp-content\/uploads\/2025\/06\/500769224_1237770168138691_8253705989149079370_n-270x180.jpg 270w, http:\/\/www.muzeum.diecezja.org\/muzeum\/wp-content\/uploads\/2025\/06\/500769224_1237770168138691_8253705989149079370_n-768x512.jpg 768w, http:\/\/www.muzeum.diecezja.org\/muzeum\/wp-content\/uploads\/2025\/06\/500769224_1237770168138691_8253705989149079370_n-1536x1024.jpg 1536w\" sizes=\"(max-width: 2048px) 100vw, 2048px\" \/> <img loading=\"lazy\" decoding=\"async\" class=\"alignnone size-full wp-image-3052\" src=\"http:\/\/www.muzeum.diecezja.org\/muzeum\/wp-content\/uploads\/2025\/06\/500774803_1237769578138750_4907728232055625670_n.jpg\" alt=\"\" width=\"2048\" height=\"1365\" srcset=\"http:\/\/www.muzeum.diecezja.org\/muzeum\/wp-content\/uploads\/2025\/06\/500774803_1237769578138750_4907728232055625670_n.jpg 2048w, http:\/\/www.muzeum.diecezja.org\/muzeum\/wp-content\/uploads\/2025\/06\/500774803_1237769578138750_4907728232055625670_n-300x200.jpg 300w, http:\/\/www.muzeum.diecezja.org\/muzeum\/wp-content\/uploads\/2025\/06\/500774803_1237769578138750_4907728232055625670_n-270x180.jpg 270w, http:\/\/www.muzeum.diecezja.org\/muzeum\/wp-content\/uploads\/2025\/06\/500774803_1237769578138750_4907728232055625670_n-768x512.jpg 768w, http:\/\/www.muzeum.diecezja.org\/muzeum\/wp-content\/uploads\/2025\/06\/500774803_1237769578138750_4907728232055625670_n-1536x1024.jpg 1536w\" sizes=\"(max-width: 2048px) 100vw, 2048px\" \/> <img loading=\"lazy\" decoding=\"async\" class=\"alignnone size-full wp-image-3053\" src=\"http:\/\/www.muzeum.diecezja.org\/muzeum\/wp-content\/uploads\/2025\/06\/500819333_1237769438138764_2930405962119142584_n.jpg\" alt=\"\" width=\"2048\" height=\"1365\" srcset=\"http:\/\/www.muzeum.diecezja.org\/muzeum\/wp-content\/uploads\/2025\/06\/500819333_1237769438138764_2930405962119142584_n.jpg 2048w, http:\/\/www.muzeum.diecezja.org\/muzeum\/wp-content\/uploads\/2025\/06\/500819333_1237769438138764_2930405962119142584_n-300x200.jpg 300w, http:\/\/www.muzeum.diecezja.org\/muzeum\/wp-content\/uploads\/2025\/06\/500819333_1237769438138764_2930405962119142584_n-270x180.jpg 270w, http:\/\/www.muzeum.diecezja.org\/muzeum\/wp-content\/uploads\/2025\/06\/500819333_1237769438138764_2930405962119142584_n-768x512.jpg 768w, http:\/\/www.muzeum.diecezja.org\/muzeum\/wp-content\/uploads\/2025\/06\/500819333_1237769438138764_2930405962119142584_n-1536x1024.jpg 1536w\" sizes=\"(max-width: 2048px) 100vw, 2048px\" \/> <img loading=\"lazy\" decoding=\"async\" class=\"alignnone size-full wp-image-3054\" src=\"http:\/\/www.muzeum.diecezja.org\/muzeum\/wp-content\/uploads\/2025\/06\/500874263_1237769521472089_6178923762792136527_n.jpg\" alt=\"\" width=\"2048\" height=\"1365\" srcset=\"http:\/\/www.muzeum.diecezja.org\/muzeum\/wp-content\/uploads\/2025\/06\/500874263_1237769521472089_6178923762792136527_n.jpg 2048w, http:\/\/www.muzeum.diecezja.org\/muzeum\/wp-content\/uploads\/2025\/06\/500874263_1237769521472089_6178923762792136527_n-300x200.jpg 300w, http:\/\/www.muzeum.diecezja.org\/muzeum\/wp-content\/uploads\/2025\/06\/500874263_1237769521472089_6178923762792136527_n-270x180.jpg 270w, http:\/\/www.muzeum.diecezja.org\/muzeum\/wp-content\/uploads\/2025\/06\/500874263_1237769521472089_6178923762792136527_n-768x512.jpg 768w, http:\/\/www.muzeum.diecezja.org\/muzeum\/wp-content\/uploads\/2025\/06\/500874263_1237769521472089_6178923762792136527_n-1536x1024.jpg 1536w\" sizes=\"(max-width: 2048px) 100vw, 2048px\" \/> <img loading=\"lazy\" decoding=\"async\" class=\"alignnone size-full wp-image-3055\" src=\"http:\/\/www.muzeum.diecezja.org\/muzeum\/wp-content\/uploads\/2025\/06\/500927343_1237769614805413_3375652724988673344_n.jpg\" alt=\"\" width=\"1365\" height=\"2048\" srcset=\"http:\/\/www.muzeum.diecezja.org\/muzeum\/wp-content\/uploads\/2025\/06\/500927343_1237769614805413_3375652724988673344_n.jpg 1365w, http:\/\/www.muzeum.diecezja.org\/muzeum\/wp-content\/uploads\/2025\/06\/500927343_1237769614805413_3375652724988673344_n-200x300.jpg 200w, http:\/\/www.muzeum.diecezja.org\/muzeum\/wp-content\/uploads\/2025\/06\/500927343_1237769614805413_3375652724988673344_n-120x180.jpg 120w, http:\/\/www.muzeum.diecezja.org\/muzeum\/wp-content\/uploads\/2025\/06\/500927343_1237769614805413_3375652724988673344_n-768x1152.jpg 768w, http:\/\/www.muzeum.diecezja.org\/muzeum\/wp-content\/uploads\/2025\/06\/500927343_1237769614805413_3375652724988673344_n-1024x1536.jpg 1024w\" sizes=\"(max-width: 1365px) 100vw, 1365px\" \/> <img loading=\"lazy\" decoding=\"async\" class=\"alignnone size-full wp-image-3056\" src=\"http:\/\/www.muzeum.diecezja.org\/muzeum\/wp-content\/uploads\/2025\/06\/500951802_1237768104805564_7090960907071406815_n.jpg\" alt=\"\" width=\"2048\" height=\"1365\" srcset=\"http:\/\/www.muzeum.diecezja.org\/muzeum\/wp-content\/uploads\/2025\/06\/500951802_1237768104805564_7090960907071406815_n.jpg 2048w, http:\/\/www.muzeum.diecezja.org\/muzeum\/wp-content\/uploads\/2025\/06\/500951802_1237768104805564_7090960907071406815_n-300x200.jpg 300w, http:\/\/www.muzeum.diecezja.org\/muzeum\/wp-content\/uploads\/2025\/06\/500951802_1237768104805564_7090960907071406815_n-270x180.jpg 270w, http:\/\/www.muzeum.diecezja.org\/muzeum\/wp-content\/uploads\/2025\/06\/500951802_1237768104805564_7090960907071406815_n-768x512.jpg 768w, http:\/\/www.muzeum.diecezja.org\/muzeum\/wp-content\/uploads\/2025\/06\/500951802_1237768104805564_7090960907071406815_n-1536x1024.jpg 1536w\" sizes=\"(max-width: 2048px) 100vw, 2048px\" \/> <img loading=\"lazy\" decoding=\"async\" class=\"alignnone size-full wp-image-3057\" src=\"http:\/\/www.muzeum.diecezja.org\/muzeum\/wp-content\/uploads\/2025\/06\/500977805_1237768414805533_5850400323175065584_n.jpg\" alt=\"\" width=\"2048\" height=\"1365\" srcset=\"http:\/\/www.muzeum.diecezja.org\/muzeum\/wp-content\/uploads\/2025\/06\/500977805_1237768414805533_5850400323175065584_n.jpg 2048w, http:\/\/www.muzeum.diecezja.org\/muzeum\/wp-content\/uploads\/2025\/06\/500977805_1237768414805533_5850400323175065584_n-300x200.jpg 300w, http:\/\/www.muzeum.diecezja.org\/muzeum\/wp-content\/uploads\/2025\/06\/500977805_1237768414805533_5850400323175065584_n-270x180.jpg 270w, http:\/\/www.muzeum.diecezja.org\/muzeum\/wp-content\/uploads\/2025\/06\/500977805_1237768414805533_5850400323175065584_n-768x512.jpg 768w, http:\/\/www.muzeum.diecezja.org\/muzeum\/wp-content\/uploads\/2025\/06\/500977805_1237768414805533_5850400323175065584_n-1536x1024.jpg 1536w\" sizes=\"(max-width: 2048px) 100vw, 2048px\" \/> <img loading=\"lazy\" decoding=\"async\" class=\"alignnone size-full wp-image-3058\" src=\"http:\/\/www.muzeum.diecezja.org\/muzeum\/wp-content\/uploads\/2025\/06\/500998218_1237769378138770_4839359299768579926_n.jpg\" alt=\"\" width=\"2048\" height=\"1365\" srcset=\"http:\/\/www.muzeum.diecezja.org\/muzeum\/wp-content\/uploads\/2025\/06\/500998218_1237769378138770_4839359299768579926_n.jpg 2048w, http:\/\/www.muzeum.diecezja.org\/muzeum\/wp-content\/uploads\/2025\/06\/500998218_1237769378138770_4839359299768579926_n-300x200.jpg 300w, http:\/\/www.muzeum.diecezja.org\/muzeum\/wp-content\/uploads\/2025\/06\/500998218_1237769378138770_4839359299768579926_n-270x180.jpg 270w, http:\/\/www.muzeum.diecezja.org\/muzeum\/wp-content\/uploads\/2025\/06\/500998218_1237769378138770_4839359299768579926_n-768x512.jpg 768w, http:\/\/www.muzeum.diecezja.org\/muzeum\/wp-content\/uploads\/2025\/06\/500998218_1237769378138770_4839359299768579926_n-1536x1024.jpg 1536w\" sizes=\"(max-width: 2048px) 100vw, 2048px\" \/> <img loading=\"lazy\" decoding=\"async\" class=\"alignnone size-full wp-image-3059\" src=\"http:\/\/www.muzeum.diecezja.org\/muzeum\/wp-content\/uploads\/2025\/06\/501037569_1237769554805419_5486176544586845299_n.jpg\" alt=\"\" width=\"2048\" height=\"1365\" srcset=\"http:\/\/www.muzeum.diecezja.org\/muzeum\/wp-content\/uploads\/2025\/06\/501037569_1237769554805419_5486176544586845299_n.jpg 2048w, http:\/\/www.muzeum.diecezja.org\/muzeum\/wp-content\/uploads\/2025\/06\/501037569_1237769554805419_5486176544586845299_n-300x200.jpg 300w, http:\/\/www.muzeum.diecezja.org\/muzeum\/wp-content\/uploads\/2025\/06\/501037569_1237769554805419_5486176544586845299_n-270x180.jpg 270w, http:\/\/www.muzeum.diecezja.org\/muzeum\/wp-content\/uploads\/2025\/06\/501037569_1237769554805419_5486176544586845299_n-768x512.jpg 768w, http:\/\/www.muzeum.diecezja.org\/muzeum\/wp-content\/uploads\/2025\/06\/501037569_1237769554805419_5486176544586845299_n-1536x1024.jpg 1536w\" sizes=\"(max-width: 2048px) 100vw, 2048px\" \/>z pewno\u015bci\u0105 pozostanie w pami\u0119ci uczestnik\u00f3w.<\/div>\n<\/div>\n<div class=\"x11i5rnm xat24cr x1mh8g0r x1vvkbs xtlvy1s x126k92a\" style=\"text-align: center;\">\n<div dir=\"auto\">Oprowadzania nocne z przewodnikami, wyst\u0119p ch\u00f3ru gregoria\u0144skiego oraz r\u00f3\u017cnorodne warsztaty to tylko niekt\u00f3re z atrakcji, kt\u00f3re pozwoli\u0142y zg\u0142\u0119bi\u0107 tajniki dawnych technik i odkry\u0107 magi\u0119 skryptorium oraz drukarstwa.<\/div>\n<\/div>\n<div class=\"x11i5rnm xat24cr x1mh8g0r x1vvkbs xtlvy1s x126k92a\" style=\"text-align: center;\">\n<div dir=\"auto\">Degustacja kuchni cysterskiej doda\u0142a smaku tej wyj\u0105tkowej nocy, tworz\u0105c niezapomnian\u0105 atmosfer\u0119.<\/div>\n<\/div>\n<div class=\"x11i5rnm xat24cr x1mh8g0r x1vvkbs xtlvy1s x126k92a\" style=\"text-align: center;\">\n<div dir=\"auto\">Dzi\u0119kujemy wszystkim, kt\u00f3rzy wzi\u0119li udzia\u0142 w tym wydarzeniu, i ju\u017c teraz zapraszamy na kolejn\u0105 edycj\u0119 za rok!<\/div>\n<\/div>\n<div class=\"x11i5rnm xat24cr x1mh8g0r x1vvkbs xtlvy1s x126k92a\">\n<div dir=\"auto\" style=\"text-align: center;\">Niech historia i tradycja wci\u0105\u017c nas \u0142\u0105cz\u0105!<\/div>\n<\/div>\n","protected":false},"excerpt":{"rendered":"<p>Cieszymy si\u0119, \u017ce tegoroczna Noc Muze\u00f3w z Johannesem Gutenbergiem przyci\u0105gn\u0119\u0142a tak wielu entuzjast\u00f3w kultury i historii! To niezwyk\u0142e wydarzenie, kt\u00f3re po\u0142\u0105czy\u0142o pasjonat\u00f3w sztuki, nauki i tradycji,\u00a0 \u00a0 \u00a0 \u00a0 \u00a0 \u00a0 \u00a0 z pewno\u015bci\u0105 pozostanie w pami\u0119ci uczestnik\u00f3w. Oprowadzania nocne z przewodnikami, wyst\u0119p ch\u00f3ru gregoria\u0144skiego oraz r\u00f3\u017cnorodne warsztaty to tylko niekt\u00f3re z atrakcji, kt\u00f3re pozwoli\u0142y &hellip; <a href=\"http:\/\/www.muzeum.diecezja.org\/muzeum\/zapraszamy-do-relacji-z-tegorocznej-nocy-muzeow-2025\/\" class=\"more-link\">Czytaj dalej <span class=\"screen-reader-text\">Zapraszamy do relacji z tegorocznej Nocy Muze\u00f3w 2025 !<\/span><\/a><\/p>\n","protected":false},"author":5,"featured_media":3039,"comment_status":"closed","ping_status":"open","sticky":false,"template":"","format":"standard","meta":[],"categories":[6,7],"tags":[],"_links":{"self":[{"href":"http:\/\/www.muzeum.diecezja.org\/muzeum\/wp-json\/wp\/v2\/posts\/3017"}],"collection":[{"href":"http:\/\/www.muzeum.diecezja.org\/muzeum\/wp-json\/wp\/v2\/posts"}],"about":[{"href":"http:\/\/www.muzeum.diecezja.org\/muzeum\/wp-json\/wp\/v2\/types\/post"}],"author":[{"embeddable":true,"href":"http:\/\/www.muzeum.diecezja.org\/muzeum\/wp-json\/wp\/v2\/users\/5"}],"replies":[{"embeddable":true,"href":"http:\/\/www.muzeum.diecezja.org\/muzeum\/wp-json\/wp\/v2\/comments?post=3017"}],"version-history":[{"count":1,"href":"http:\/\/www.muzeum.diecezja.org\/muzeum\/wp-json\/wp\/v2\/posts\/3017\/revisions"}],"predecessor-version":[{"id":3060,"href":"http:\/\/www.muzeum.diecezja.org\/muzeum\/wp-json\/wp\/v2\/posts\/3017\/revisions\/3060"}],"wp:featuredmedia":[{"embeddable":true,"href":"http:\/\/www.muzeum.diecezja.org\/muzeum\/wp-json\/wp\/v2\/media\/3039"}],"wp:attachment":[{"href":"http:\/\/www.muzeum.diecezja.org\/muzeum\/wp-json\/wp\/v2\/media?parent=3017"}],"wp:term":[{"taxonomy":"category","embeddable":true,"href":"http:\/\/www.muzeum.diecezja.org\/muzeum\/wp-json\/wp\/v2\/categories?post=3017"},{"taxonomy":"post_tag","embeddable":true,"href":"http:\/\/www.muzeum.diecezja.org\/muzeum\/wp-json\/wp\/v2\/tags?post=3017"}],"curies":[{"name":"wp","href":"https:\/\/api.w.org\/{rel}","templated":true}]}}